{"id":9994,"date":"2019-05-28T02:30:11","date_gmt":"2019-05-28T02:30:11","guid":{"rendered":"https:\/\/senzor.ba\/?p=9994"},"modified":"2024-01-15T21:47:27","modified_gmt":"2024-01-15T20:47:27","slug":"video-predstavljen-spot-za-kasidu-27-noc","status":"publish","type":"post","link":"https:\/\/tvsensor.com\/clanak\/video-predstavljen-spot-za-kasidu-27-noc\/","title":{"rendered":"(VIDEO) Predstavljen spot za kasidu 27. No\u0107"},"content":{"rendered":"<p>\u2013 Dvadesetsedam dana ja sam tje\u0161io ti sina, dvadesetsedme no\u0107i da \u0107e\u0161 do\u0107i sa melecima \u2013 dio je kaside Enesa Begovi\u0107a i Omladinskog hora Zenica, koja ima simboli\u010dan naslov 27. no\u0107, koja \u0107e sigurno godinama i decenija nanovo osvajati simpatije Bosanaca i Hercegovaca.<\/p>\n<p>Za ovu duhovnu pjesmu snimljen je i video spot u Te\u0161nju u kojem se pojavljuje veliki broj statista me\u0111u kojima su i \u010dlanovi Omladinskog hora iz Zenice s Milenkom Karovi\u0107em na \u010delu. Begovi\u0107 je kroz cijelu karijeru pomagao mladim pjeva\u010dima i muzi\u010darima, a to je nastavio i kroz ovaj novi projekat.<\/p>\n<p>\u2013 Omladinski hor Zenica je ponos cijele BiH i svaki put me nanovo odu\u0161eve svojim nastupom. Zbog toga mi je posebno drago da sam sa njima realizirao ovaj projekat \u2013 ka\u017ee Enes Begovi\u0107.<\/p>\n<p>U spotu se pojavljuje i Elle Vardi\u0107, k\u0107erka hitmejkera Mirka \u0160enkovskog Geronima, koji je uradio i tekst i muziku za \u201eDvadesetsedma no\u0107\u201c. Aran\u017eman je djelo Nedima Srnje koji je ujedno i izvr\u0161ni producent i dugogodi\u0161nji menad\u017eer prvih imena narodne muzike u BiH \u2013 Halida Be\u0161li\u0107a i Enesa Begovi\u0107a.<\/p>\n<p>\u2013 Ovo je ne\u0161to od mene za sva vremena. Kada sam \u010duo stihove \u201eDvadesetsedme no\u0107i\u201c odmah sam rekao da je moram snimiti. Ona je potpuno druga\u010dije od svega \u0161to sam snimio u karijeri. Radi se o jednoj prelijepoj \u017eivotnoj pri\u010di, koja ima veliku pouku. Ovu kasidu upotpunio je odli\u010dan i jedinstven spot, koji smo sa ekipom AREA 7 proteklih dana snimili u Te\u0161nju, gradu koji ima veliku historiju i koji je posebno bitan za cijelu Bosnu i Hercegovinu. Svi na setu smo u\u017eivali snimaju\u0107i kadrove u starom dijelu Te\u0161nja i na srednjovjekovnoj i osmanskoj tvr\u0111avi koja se nalazi u sredi\u0161tu grada. Nakon snimanja cijela ekipa je zajedno iftarila na velikom iftaru koji je za nas organizirao prijatelj projekta mesna industrija \u201eMadi\u201c. Zahvalni smo porodici Jaband\u017ei\u0107, koji su vlasnici ove uspje\u0161ne kompanije i na\u010delniku Op\u0107ine Te\u0161anj Suadu Huski\u0107u, koji su nam obezbjedili sve uslove za snimanje i partnerski podr\u017eali ovaj veliki projekat. Sigurno da \u0107e ovaj spot upotpuniti cijelu pri\u010du i kod ve\u0107ine Bosanaca i Hercegovaca izazvati posebne emocije \u2013 ka\u017ee Enes Begovi\u0107.<\/p>\n<p><iframe loading=\"lazy\" title=\"Enes Begovi\u0107 i Omladinski hor Zenica | 27. No\u0107\" width=\"696\" height=\"392\" src=\"https:\/\/www.youtube.com\/embed\/jeoWy99C3As?feature=oembed\" frameborder=\"0\" allow=\"accelerometer; autoplay; clipboard-write; encrypted-media; gyroscope; picture-in-picture\" allowfullscreen><\/iframe><\/p>\n","protected":false},"excerpt":{"rendered":"<p>\u2013 Dvadesetsedam dana ja sam tje\u0161io ti sina, dvadesetsedme no\u0107i da \u0107e\u0161 do\u0107i sa melecima \u2013 dio je kaside Enesa Begovi\u0107a i Omladinskog hora Zenica, koja ima simboli\u010dan naslov 27. no\u0107, koja \u0107e sigurno godinama i decenija nanovo osvajati simpatije Bosanaca i Hercegovaca. Za ovu duhovnu pjesmu snimljen je i video spot u Te\u0161nju u [&hellip;]<\/p>\n","protected":false},"author":59,"featured_media":9995,"comment_status":"open","ping_status":"closed","sticky":false,"template":"","format":"standard","meta":{"inline_featured_image":false,"footnotes":""},"categories":[48],"tags":[],"class_list":{"0":"post-9994","1":"post","2":"type-post","3":"status-publish","4":"format-standard","5":"has-post-thumbnail","7":"category-iz-fontane-muzicke-bastine"},"acf":[],"_links":{"self":[{"href":"https:\/\/tvsensor.com\/api\/wp\/v2\/posts\/9994","targetHints":{"allow":["GET"]}}],"collection":[{"href":"https:\/\/tvsensor.com\/api\/wp\/v2\/posts"}],"about":[{"href":"https:\/\/tvsensor.com\/api\/wp\/v2\/types\/post"}],"author":[{"embeddable":true,"href":"https:\/\/tvsensor.com\/api\/wp\/v2\/users\/59"}],"replies":[{"embeddable":true,"href":"https:\/\/tvsensor.com\/api\/wp\/v2\/comments?post=9994"}],"version-history":[{"count":1,"href":"https:\/\/tvsensor.com\/api\/wp\/v2\/posts\/9994\/revisions"}],"predecessor-version":[{"id":9996,"href":"https:\/\/tvsensor.com\/api\/wp\/v2\/posts\/9994\/revisions\/9996"}],"wp:featuredmedia":[{"embeddable":true,"href":"https:\/\/tvsensor.com\/api\/wp\/v2\/media\/9995"}],"wp:attachment":[{"href":"https:\/\/tvsensor.com\/api\/wp\/v2\/media?parent=9994"}],"wp:term":[{"taxonomy":"category","embeddable":true,"href":"https:\/\/tvsensor.com\/api\/wp\/v2\/categories?post=9994"},{"taxonomy":"post_tag","embeddable":true,"href":"https:\/\/tvsensor.com\/api\/wp\/v2\/tags?post=9994"}],"curies":[{"name":"wp","href":"https:\/\/api.w.org\/{rel}","templated":true}]}}