{"id":9991,"date":"2019-05-28T02:22:55","date_gmt":"2019-05-28T02:22:55","guid":{"rendered":"https:\/\/senzor.ba\/?p=9991"},"modified":"2024-01-15T21:47:27","modified_gmt":"2024-01-15T20:47:27","slug":"kongres-sad-a-mi-i-eu-nemamo-jasnu-politiku-za-bih-i-zato-raste-utjecaj-rusije-i-kine","status":"publish","type":"post","link":"https:\/\/tvsensor.com\/clanak\/kongres-sad-a-mi-i-eu-nemamo-jasnu-politiku-za-bih-i-zato-raste-utjecaj-rusije-i-kine\/","title":{"rendered":"Kongres SAD-a: Mi i EU nemamo jasnu politiku za BiH i zato raste utjecaj Rusije i Kine"},"content":{"rendered":"<div class=\"uvod uvod-clanka hidden-xs\">Nedavno se na jednoj raspravi kongresnog Odbora vanjske poslove govorilo o BiH, ta\u010dnije u utjecaju Rusije i postupcima \u010dlana Predsjedni\u0161tva BiH Milorada Dodika, pi\u0161e Glas Amerike.<\/div>\n<div class=\"tekst clanak_vijesti\">&#8220;Zapadni Balkan je region koji trebate gledati. Lako je kupiti radio stanice i televizije kako bi se promijenile ure\u0111iva\u010dke politike i kako bi rekli &#8211; ruska politika je dobra, kineska politika u Evropi je dobra&#8221;, re\u010deno je na sjednici.<\/p>\n<p>Nagla\u0161eno je kako Rusija na BiH gleda kao na laku metu za \u0161irenje utjecaja. Milorad Dodik predstavlja veto za pristupanje NATO-u i dok je on na vlasti te\u0161ko da \u0107e BiH u\u0107i u NATO, pa \u010dak i u Evropsku uniju, re\u010deno je na Odboru.<\/p>\n<p>&#8220;Dozvolili smo da na\u0161 utjecaj oslabi, a drugi &#8211; Rusija, Kina, Turka i Katar, reintegrisali su se u regionu. Balkan nije na\u0161 fokus, posebno u BiH o kojoj govorimo. Dejton je napravljen da bi se zaustailo nasilje i sada BiH stoji zarobljena &#8211; ona se ne mo\u017ee reformisati i to pove\u0107ava Dodikovu mogu\u0107nost u\u010dlanjenja u NATO&#8221;, kazali su \u010dlanovi Odbora.<\/p>\n<p>Zaklju\u010deno je i da SAD i EU nemaju jasnu politiku za na\u0161 region i da se oko Dodika podi\u017ee pra\u0161ina jer nema snaga koje bi mu se suprostavile.<\/p><\/div>\n","protected":false},"excerpt":{"rendered":"<p>Nedavno se na jednoj raspravi kongresnog Odbora vanjske poslove govorilo o BiH, ta\u010dnije u utjecaju Rusije i postupcima \u010dlana Predsjedni\u0161tva BiH Milorada Dodika, pi\u0161e Glas Amerike. &#8220;Zapadni Balkan je region koji trebate gledati. Lako je kupiti radio stanice i televizije kako bi se promijenile ure\u0111iva\u010dke politike i kako bi rekli &#8211; ruska politika je dobra, [&hellip;]<\/p>\n","protected":false},"author":59,"featured_media":9992,"comment_status":"open","ping_status":"closed","sticky":false,"template":"","format":"standard","meta":{"inline_featured_image":false,"footnotes":""},"categories":[41],"tags":[],"class_list":{"0":"post-9991","1":"post","2":"type-post","3":"status-publish","4":"format-standard","5":"has-post-thumbnail","7":"category-svijet"},"acf":[],"_links":{"self":[{"href":"https:\/\/tvsensor.com\/api\/wp\/v2\/posts\/9991","targetHints":{"allow":["GET"]}}],"collection":[{"href":"https:\/\/tvsensor.com\/api\/wp\/v2\/posts"}],"about":[{"href":"https:\/\/tvsensor.com\/api\/wp\/v2\/types\/post"}],"author":[{"embeddable":true,"href":"https:\/\/tvsensor.com\/api\/wp\/v2\/users\/59"}],"replies":[{"embeddable":true,"href":"https:\/\/tvsensor.com\/api\/wp\/v2\/comments?post=9991"}],"version-history":[{"count":1,"href":"https:\/\/tvsensor.com\/api\/wp\/v2\/posts\/9991\/revisions"}],"predecessor-version":[{"id":9993,"href":"https:\/\/tvsensor.com\/api\/wp\/v2\/posts\/9991\/revisions\/9993"}],"wp:featuredmedia":[{"embeddable":true,"href":"https:\/\/tvsensor.com\/api\/wp\/v2\/media\/9992"}],"wp:attachment":[{"href":"https:\/\/tvsensor.com\/api\/wp\/v2\/media?parent=9991"}],"wp:term":[{"taxonomy":"category","embeddable":true,"href":"https:\/\/tvsensor.com\/api\/wp\/v2\/categories?post=9991"},{"taxonomy":"post_tag","embeddable":true,"href":"https:\/\/tvsensor.com\/api\/wp\/v2\/tags?post=9991"}],"curies":[{"name":"wp","href":"https:\/\/api.w.org\/{rel}","templated":true}]}}