{"id":9987,"date":"2019-05-28T02:13:45","date_gmt":"2019-05-28T02:13:45","guid":{"rendered":"https:\/\/senzor.ba\/?p=9987"},"modified":"2024-01-15T21:47:27","modified_gmt":"2024-01-15T20:47:27","slug":"burna-rasprava-vucica-seselja-i-jovanovica-sta-je-gorka-istina-ko-je-magarac-sta-su-rs-i-sandzak","status":"publish","type":"post","link":"https:\/\/tvsensor.com\/clanak\/burna-rasprava-vucica-seselja-i-jovanovica-sta-je-gorka-istina-ko-je-magarac-sta-su-rs-i-sandzak\/","title":{"rendered":"Burna rasprava Vu\u010di\u0107a, \u0160e\u0161elja i Jovanovi\u0107a: \u0160ta je gorka istina, ko je magarac, \u0161ta su RS i Sand\u017eak"},"content":{"rendered":"<p>Govore\u0107i o situaciji u Sand\u017eaku, predsjednik Srbije Aleksandar Vu\u010di\u0107 je zamolio Bo\u0161njake da ne nasjedaju na trikove ljudi koji nemaju legitimitet.<br \/>\n\u201eSand\u017eak nije nikakva ustavna kategorija za razliku od Republike Srpske. Na\u0161i organi veoma brzo i veoma lako bi svaki potencijalni problem bez ikakvih problema rije\u0161ili\u201c, istakao je Vu\u010di\u0107.<\/p>\n<p>Ranije je govorio \u010cedomir Jovanovi\u0107 predsjednik Liberalno-demokratske partije.<\/p>\n<p>\u201cTo na\u0161e nesre\u0107no i jadno Kosovo je takvo zbog nas u Beogradu, a ne zbog onog naroda \u0161to tamo \u017eivi jer nema gdje da ode. Prije toga smo to uradili Srbima u Hrvatskoj, to smo uradili u Bosni, a danas radimo nama samima\u201c, rekao je Jovanovi\u0107.<\/p>\n<p>On je upitao Vu\u010di\u0107a: \u201e\u0160ta je ta gorka istina koju treba da izaberemo umjesto slatke la\u017ei?\u201c<\/p>\n<p>\u201eDa sam imao para negdje raketom da te po\u0161aljem, ali i iz svemira bi te vratili\u201c, odgovorio je \u010cedomir Jovanovi\u0107 na dobacivanje Vojislava \u0160e\u0161elja.<\/p>\n<p>&#8211; Mislim da nam je dana\u0161nja sjednica bila va\u017ena ne zbog va\u017enih odluka ve\u0107 zato \u0161to \u0107emo da ka\u017eemo narodu istinu, i \u0161to \u0107e ljudi mo\u0107i makar neke stvari da \u010duju. Da saznaju koje su stvarne projekcije za budu\u0107nost pa da onda donesu odluke\u201c, odgovorio je Vu\u010di\u0107. Vu\u010di\u0107 je, izme\u0111u ostalog, izjavio je da Srbija nema vlast na Kosovu, sem u zdravstu i \u0161kolstvu i da je potrebno prestati sa obmanjivanjem javnosti.<\/p>\n<p>\u201eNa\u0161 cilj bi trebalo da bude da Srbija \u0161to prije prestane da bude magarac\u201c, zapo\u010deo je svoje izlaganje Vojislav \u0160e\u0161elj. \u201eOd 5. oktobra je Srbija samo srljala u propast\u201c, nastavio je lider SRS, a potom se obratio Vu\u010di\u0107u: \u201eVolio bih da prihvati\u0161 jedan dobronamjeran savjet. O svakom tvom spoljnopoliti\u010dkom potezu trebalo bi da raspravlja prvo vlada. Znam koliki je tvoj autoritet, ima\u0161 stranku koja dominira skup\u0161tinom, ve\u0107ina ministara je pod tvojom kontrolom\u2026 Ne treba praviti ovolike pauze sa izlaskom pred Narodnu Skup\u0161tinu. Svi smo ovdje, bar skoro svi dobronamjerni da u\u010dinimo za Srbiju najbolje. I to se ne dovodi u pitanje. \u0160ta god se pojavi kao ideja u pregovorima, ti mora\u0161 da zastupa\u0161 Ustav Srbije i u njegovim okvirima da djeluje\u0161\u201c.<\/p>\n<p>Neprekidno treba ponavljati spoljne stvari koje se ti\u010du BiH i Hrvatske. Ne smijemo da zaboravimo da je Republika Srpska Krajina bila teritorija pod za\u0161titom UN, ne mo\u017ee Vlada Republike Crne Gore da proglasi teritoriju SPC za dr\u017eavnu\u2026\u201c, naveo je, izme\u0111u ostalog, u svom izlaganju \u0160e\u0161elj, a zatim se opet obratio predsjedniku Srbije: \u201eVu\u010di\u0107u, tebe su htjeli da ubiju 1999. godine. Opet \u0107e htjeti da te ubiju, ako vide da ne mogu da te slome. Treba da u javnosti ka\u017ee\u0161 da srpski oficiri ne\u0107e ni po koju cijenu biti isporu\u010divani sudovima van teritorije Srbije\u2026 \u0160to se ti\u010de bra\u0107e Biti\u0107i, tu vi\u0161e nema problema. Za 15-ak dana \u0107e taj proces da zastari. Ti si bio neuporedivo bolji student od mene, ali ja sam kudikamo bolji pravnik\u201c, istakao je \u0160e\u0161elj.<\/p>\n<p>Vu\u010di\u0107 je dobio priliku za repliku \u0160e\u0161elju: \u201eSrbija svakako nije u ulozi magarca, mada bi mnogi voljeli da je tako tretiraju\u2026\u0160to se ti\u010de generala, dobio sam od generala Pavkovi\u0107a informaciju da su specijalni tu\u017eioci htjeli da se sretnu s njim i odbio ih je\u2026 Na\u0161i podaci govore da su Albanci pripremili optu\u017enicu za generala Dikovi\u0107a kojeg sam nedavno odlikovao. \u0160to se ti\u010de generala Deli\u0107a, nisam dobio takvu informaciju\u2026Nemamo obja\u0161njenje za\u0161to su ruske trupe napustile Kosovo, pita\u0107u Putina slijede\u0107i put o tome\u2026Pitali ste za Vuka Dra\u0161kovi\u0107a, dobro ja znam rejtinge politi\u010dara.\u201c<\/p>\n<p>Vijesti.ba<\/p>\n","protected":false},"excerpt":{"rendered":"<p>Govore\u0107i o situaciji u Sand\u017eaku, predsjednik Srbije Aleksandar Vu\u010di\u0107 je zamolio Bo\u0161njake da ne nasjedaju na trikove ljudi koji nemaju legitimitet. \u201eSand\u017eak nije nikakva ustavna kategorija za razliku od Republike Srpske. Na\u0161i organi veoma brzo i veoma lako bi svaki potencijalni problem bez ikakvih problema rije\u0161ili\u201c, istakao je Vu\u010di\u0107. Ranije je govorio \u010cedomir Jovanovi\u0107 predsjednik [&hellip;]<\/p>\n","protected":false},"author":59,"featured_media":9988,"comment_status":"open","ping_status":"closed","sticky":false,"template":"","format":"standard","meta":{"inline_featured_image":false,"footnotes":""},"categories":[40],"tags":[],"class_list":{"0":"post-9987","1":"post","2":"type-post","3":"status-publish","4":"format-standard","5":"has-post-thumbnail","7":"category-region"},"acf":[],"_links":{"self":[{"href":"https:\/\/tvsensor.com\/api\/wp\/v2\/posts\/9987","targetHints":{"allow":["GET"]}}],"collection":[{"href":"https:\/\/tvsensor.com\/api\/wp\/v2\/posts"}],"about":[{"href":"https:\/\/tvsensor.com\/api\/wp\/v2\/types\/post"}],"author":[{"embeddable":true,"href":"https:\/\/tvsensor.com\/api\/wp\/v2\/users\/59"}],"replies":[{"embeddable":true,"href":"https:\/\/tvsensor.com\/api\/wp\/v2\/comments?post=9987"}],"version-history":[{"count":1,"href":"https:\/\/tvsensor.com\/api\/wp\/v2\/posts\/9987\/revisions"}],"predecessor-version":[{"id":9990,"href":"https:\/\/tvsensor.com\/api\/wp\/v2\/posts\/9987\/revisions\/9990"}],"wp:featuredmedia":[{"embeddable":true,"href":"https:\/\/tvsensor.com\/api\/wp\/v2\/media\/9988"}],"wp:attachment":[{"href":"https:\/\/tvsensor.com\/api\/wp\/v2\/media?parent=9987"}],"wp:term":[{"taxonomy":"category","embeddable":true,"href":"https:\/\/tvsensor.com\/api\/wp\/v2\/categories?post=9987"},{"taxonomy":"post_tag","embeddable":true,"href":"https:\/\/tvsensor.com\/api\/wp\/v2\/tags?post=9987"}],"curies":[{"name":"wp","href":"https:\/\/api.w.org\/{rel}","templated":true}]}}