{"id":9982,"date":"2019-05-28T02:10:36","date_gmt":"2019-05-28T02:10:36","guid":{"rendered":"https:\/\/senzor.ba\/?p=9982"},"modified":"2024-01-15T21:47:27","modified_gmt":"2024-01-15T20:47:27","slug":"vucic-se-obratio-naciji-mi-smo-narod-koji-ne-voli-istinu-borit-cu-se-za-srbe-na-kosovu","status":"publish","type":"post","link":"https:\/\/tvsensor.com\/clanak\/vucic-se-obratio-naciji-mi-smo-narod-koji-ne-voli-istinu-borit-cu-se-za-srbe-na-kosovu\/","title":{"rendered":"Vu\u010di\u0107 se obratio naciji: Mi smo narod koji ne voli istinu, borit \u0107u se za Srbe na Kosovu"},"content":{"rendered":"<div class=\"main-article-text-wrapper\">\n<p>Vu\u010di\u0107 je na po\u010detku svog izlaganja upitao gdje su Srbi na Kosovu i ko su prijatelji Srbije.<\/p>\n<p>&#8211; Raspravu trebam po\u010deti odgovorom na pitanje u \u0161ta vjerujemo &#8211; u la\u017e ili istinu &#8211; kazao je Vu\u010di\u0107 na po\u010detku izlaganja i upitao: &#8220;Gdje smo mi Srbi na Kosovu i ko su nam prijatelji?&#8221;<\/p>\n<p>Istaknuo je da je vrijeme da se kona\u010dno ka\u017ee istina, prenosi Dnevni Avaz.<\/p>\n<p>&#8211; Moramo priznati \u0161ta se dogodilo. Izgubili smo godine tokom kojih smo se lagali. Nisam se odlu\u010dio za nastavak la\u017ei. Na Kosovu nema Srbije osim u \u0161kolstvu i zdravstvu. Sedam godina smo se sva\u0111ali i natezali, borili za Srbiju. Nismo izgubili ni\u0161ta \u0161to ve\u0107 neko prije nas nije izgubio. Pred nama su dvije mogu\u0107nosti &#8211; normalizacija odnosa Beograda i Pri\u0161tine, a druga zamrznuti konflikt. Taj konflikt ne zna\u010di ni\u0161ta jer ga Albanci uvijek mogu odmrznuti. To ne mo\u017ee postojati kao rje\u0161enje i Albanci ga ne\u0107e i zato je pitanje dana kada \u0107e da napadnu Srbe &#8211; kazao je Vu\u010di\u0107 i dodao:<\/p>\n<p>&#8220;Kompromis je pobjeda&#8221;.<\/p>\n<p>Vu\u010di\u0107 se dotakao broja stanovnika u Srbiji i zapadnom Balkanu te negativnog prira\u0161taja kod srpskog naroda, ali i pozitivnog kod albanskog i drugih &#8220;muslimanskih naroda&#8221;.<\/p>\n<p>&#8211; Na Kosovu Albanaca ima vi\u0161e od milion, dok je Srba manje od 100.000 &#8211; istaknuo je predsjednik Srbije.<\/p>\n<p>Izrazio je zahvalnost onima koji su do\u0161li u salu i koji \u017eele da na ozbiljan na\u010din razgovaraju o ovom problemu koji je, kako je naveo, te\u017eak i velik.<\/p>\n<p>Tako\u0111er je napomenuo da \u0107e se boriti za srpski narod na Kosovu te da je njegov posao da govori istinu.<\/p>\n<p>&#8211; Mi smo narod koji ne voli istinu &#8211; naveo je, dodav\u0161i da Srbi nisu uspijevali prihvatiti poraze, \u010dak ni kada su se oni uzastopno de\u0161avali.<\/p>\n<p>&#8211; Ponekad gorku, ponekad neprijatnu i ma kakva bila, ali istinu. Ali, nemojte ni za trenutak da pomislite da se ne\u0107u boriti za na\u0161 narod na Kosovu &#8211; naveo je Vu\u010di\u0107.<\/p>\n<\/div>\n","protected":false},"excerpt":{"rendered":"<p>Vu\u010di\u0107 je na po\u010detku svog izlaganja upitao gdje su Srbi na Kosovu i ko su prijatelji Srbije. &#8211; Raspravu trebam po\u010deti odgovorom na pitanje u \u0161ta vjerujemo &#8211; u la\u017e ili istinu &#8211; kazao je Vu\u010di\u0107 na po\u010detku izlaganja i upitao: &#8220;Gdje smo mi Srbi na Kosovu i ko su nam prijatelji?&#8221; Istaknuo je da [&hellip;]<\/p>\n","protected":false},"author":59,"featured_media":9985,"comment_status":"open","ping_status":"closed","sticky":false,"template":"","format":"standard","meta":{"inline_featured_image":false,"footnotes":""},"categories":[40],"tags":[],"class_list":{"0":"post-9982","1":"post","2":"type-post","3":"status-publish","4":"format-standard","5":"has-post-thumbnail","7":"category-region"},"acf":[],"_links":{"self":[{"href":"https:\/\/tvsensor.com\/api\/wp\/v2\/posts\/9982","targetHints":{"allow":["GET"]}}],"collection":[{"href":"https:\/\/tvsensor.com\/api\/wp\/v2\/posts"}],"about":[{"href":"https:\/\/tvsensor.com\/api\/wp\/v2\/types\/post"}],"author":[{"embeddable":true,"href":"https:\/\/tvsensor.com\/api\/wp\/v2\/users\/59"}],"replies":[{"embeddable":true,"href":"https:\/\/tvsensor.com\/api\/wp\/v2\/comments?post=9982"}],"version-history":[{"count":2,"href":"https:\/\/tvsensor.com\/api\/wp\/v2\/posts\/9982\/revisions"}],"predecessor-version":[{"id":9989,"href":"https:\/\/tvsensor.com\/api\/wp\/v2\/posts\/9982\/revisions\/9989"}],"wp:featuredmedia":[{"embeddable":true,"href":"https:\/\/tvsensor.com\/api\/wp\/v2\/media\/9985"}],"wp:attachment":[{"href":"https:\/\/tvsensor.com\/api\/wp\/v2\/media?parent=9982"}],"wp:term":[{"taxonomy":"category","embeddable":true,"href":"https:\/\/tvsensor.com\/api\/wp\/v2\/categories?post=9982"},{"taxonomy":"post_tag","embeddable":true,"href":"https:\/\/tvsensor.com\/api\/wp\/v2\/tags?post=9982"}],"curies":[{"name":"wp","href":"https:\/\/api.w.org\/{rel}","templated":true}]}}