{"id":9981,"date":"2019-05-28T02:07:02","date_gmt":"2019-05-28T02:07:02","guid":{"rendered":"https:\/\/senzor.ba\/?p=9981"},"modified":"2024-01-15T21:47:27","modified_gmt":"2024-01-15T20:47:27","slug":"emotivna-reakcija-sina-zlatnog-ljiljana-na-video-o-svome-ocu-ode-cedo-dode-teo-ali-ostaje-nasa-bih-video","status":"publish","type":"post","link":"https:\/\/tvsensor.com\/clanak\/emotivna-reakcija-sina-zlatnog-ljiljana-na-video-o-svome-ocu-ode-cedo-dode-teo-ali-ostaje-nasa-bih-video\/","title":{"rendered":"Emotivna reakcija sina Zlatnog ljiljana na video o svome ocu: Ode \u010cedo, do\u0111e Teo, ali ostaje na\u0161a BiH! (VIDEO)"},"content":{"rendered":"<p>Teo Domuz, ina\u010de sin Zlatnog ljiljana \u010cedomira Domuza koji je poginuo brane\u0107i svoju domovinu ispred Armije RBiH, napisao je veoma emotivnu patriotsku poruku na dru\u0161tvenim mre\u017eama komentari\u0161u\u0107i video na kojem se pojavljuje njegov pokojni otac.<\/p>\n<p>Pokazuju\u0107i ljubav prema domovini, ponos koji osje\u0107a, hrabrost koju je naslijedio od svog rahmetli oca, prkos i emociju, svoju objavu je posvetio svim Bosancima i Hercegovcima \u0161irom svijeta koju domovinu nose u srcu.<\/p>\n<p>&#8220;Vidi\u0161 bona&#8230;<br \/>\nOde Stojko do\u0111e \u010cedo<br \/>\nOde \u010cedo do\u0111e Teo,<br \/>\nOti\u0107i \u0107e i Teo do\u0111e Mateo&#8230;<br \/>\nAli ona ostaje, NA\u0160A i samo na\u0161a!<br \/>\nMi druge nemamo bona&#8230;<br \/>\nOsim Bosne a Boga mi i Hercegovine!&#8221;, napisao je Teo.<\/p>\n<p><a href=\"https:\/\/www.facebook.com\/450484919027858\/videos\/2342713172456886\/\">https:\/\/www.facebook.com\/450484919027858\/videos\/2342713172456886\/<\/a><\/p>\n","protected":false},"excerpt":{"rendered":"<p>Teo Domuz, ina\u010de sin Zlatnog ljiljana \u010cedomira Domuza koji je poginuo brane\u0107i svoju domovinu ispred Armije RBiH, napisao je veoma emotivnu patriotsku poruku na dru\u0161tvenim mre\u017eama komentari\u0161u\u0107i video na kojem se pojavljuje njegov pokojni otac. Pokazuju\u0107i ljubav prema domovini, ponos koji osje\u0107a, hrabrost koju je naslijedio od svog rahmetli oca, prkos i emociju, svoju objavu [&hellip;]<\/p>\n","protected":false},"author":59,"featured_media":9983,"comment_status":"open","ping_status":"closed","sticky":false,"template":"","format":"standard","meta":{"inline_featured_image":false,"footnotes":""},"categories":[47],"tags":[],"class_list":{"0":"post-9981","1":"post","2":"type-post","3":"status-publish","4":"format-standard","5":"has-post-thumbnail","7":"category-historija"},"acf":[],"_links":{"self":[{"href":"https:\/\/tvsensor.com\/api\/wp\/v2\/posts\/9981","targetHints":{"allow":["GET"]}}],"collection":[{"href":"https:\/\/tvsensor.com\/api\/wp\/v2\/posts"}],"about":[{"href":"https:\/\/tvsensor.com\/api\/wp\/v2\/types\/post"}],"author":[{"embeddable":true,"href":"https:\/\/tvsensor.com\/api\/wp\/v2\/users\/59"}],"replies":[{"embeddable":true,"href":"https:\/\/tvsensor.com\/api\/wp\/v2\/comments?post=9981"}],"version-history":[{"count":1,"href":"https:\/\/tvsensor.com\/api\/wp\/v2\/posts\/9981\/revisions"}],"predecessor-version":[{"id":9984,"href":"https:\/\/tvsensor.com\/api\/wp\/v2\/posts\/9981\/revisions\/9984"}],"wp:featuredmedia":[{"embeddable":true,"href":"https:\/\/tvsensor.com\/api\/wp\/v2\/media\/9983"}],"wp:attachment":[{"href":"https:\/\/tvsensor.com\/api\/wp\/v2\/media?parent=9981"}],"wp:term":[{"taxonomy":"category","embeddable":true,"href":"https:\/\/tvsensor.com\/api\/wp\/v2\/categories?post=9981"},{"taxonomy":"post_tag","embeddable":true,"href":"https:\/\/tvsensor.com\/api\/wp\/v2\/tags?post=9981"}],"curies":[{"name":"wp","href":"https:\/\/api.w.org\/{rel}","templated":true}]}}