{"id":9973,"date":"2019-05-28T01:56:19","date_gmt":"2019-05-28T01:56:19","guid":{"rendered":"https:\/\/senzor.ba\/?p=9973"},"modified":"2024-01-15T21:47:27","modified_gmt":"2024-01-15T20:47:27","slug":"9973-2","status":"publish","type":"post","link":"https:\/\/tvsensor.com\/clanak\/9973-2\/","title":{"rendered":"\u017deljko Kom\u0161i\u0107: Stranci lobiraju da opstane vladaju\u0107a koalicija u Kantonu Sarajevo"},"content":{"rendered":"<p><b>Sino\u0107nji gost emisije 360\u00b0.ba. bio je \u010dlan Predsjedni\u0161tva BiH \u017deljko Kom\u0161i\u0107. \u010ceka li nas vrelo ljeto na bh. politi\u010dkoj sceni? Bila je tema sino\u0107nje emisije, pa se izme\u0111u ostalog dotaklo i koalicije u Kantonu Sarajevo.<\/b><\/p>\n<p>Na pitanje voditeljice da li je ta\u010dno da stranci lobiraju da se odr\u017ei postoje\u0107a ve\u0107ina u Kantonu Sarajevu? Kom\u0161i\u0107 je odgovori da je ta\u010dno, ali nije rekao o kome se konkretno radi.<\/p>\n<p><i>&#8211; Ja bi vam rekao da nisam na funkciji \u010dlana Predsjedni\u0161tva uz osmjeh je kazao Kom\u0161i\u0107. Ta\u010dno je da stranci lobiraju da postoje\u0107a Vlada u Kantonu Sarajevo opstane.<\/i><\/p>\n<p>Voditeljica ga je pitala da nije Ameri\u010dka ambasada, na \u0161to je Kom\u0161i\u0107 rekao da je vi\u0161e ambasada i vi\u0161e ambasadora uklju\u010deno u lobiranje da ova Vlada opstane.<\/p>\n<p>Pogledajte u videu \u0161ta je jo\u0161 kazao o trenutnoj Vladi u KS.<\/p>\n<p><iframe loading=\"lazy\" title=\"\u017dELJKO KOM\u0160I\u0106 O LOBIRANJU STRANACA DA OPSTANE VLADA U KS\" width=\"696\" height=\"392\" src=\"https:\/\/www.youtube.com\/embed\/64AMV9ltJqI?feature=oembed\" frameborder=\"0\" allow=\"accelerometer; autoplay; clipboard-write; encrypted-media; gyroscope; picture-in-picture\" allowfullscreen><\/iframe><\/p>\n<p>Hayat<\/p>\n<p>&nbsp;<\/p>\n","protected":false},"excerpt":{"rendered":"<p>Sino\u0107nji gost emisije 360\u00b0.ba. bio je \u010dlan Predsjedni\u0161tva BiH \u017deljko Kom\u0161i\u0107. \u010ceka li nas vrelo ljeto na bh. politi\u010dkoj sceni? Bila je tema sino\u0107nje emisije, pa se izme\u0111u ostalog dotaklo i koalicije u Kantonu Sarajevo. Na pitanje voditeljice da li je ta\u010dno da stranci lobiraju da se odr\u017ei postoje\u0107a ve\u0107ina u Kantonu Sarajevu? Kom\u0161i\u0107 je [&hellip;]<\/p>\n","protected":false},"author":59,"featured_media":9974,"comment_status":"open","ping_status":"closed","sticky":false,"template":"","format":"standard","meta":{"inline_featured_image":false,"footnotes":""},"categories":[234],"tags":[],"class_list":{"0":"post-9973","1":"post","2":"type-post","3":"status-publish","4":"format-standard","5":"has-post-thumbnail","7":"category-politika"},"acf":[],"_links":{"self":[{"href":"https:\/\/tvsensor.com\/api\/wp\/v2\/posts\/9973","targetHints":{"allow":["GET"]}}],"collection":[{"href":"https:\/\/tvsensor.com\/api\/wp\/v2\/posts"}],"about":[{"href":"https:\/\/tvsensor.com\/api\/wp\/v2\/types\/post"}],"author":[{"embeddable":true,"href":"https:\/\/tvsensor.com\/api\/wp\/v2\/users\/59"}],"replies":[{"embeddable":true,"href":"https:\/\/tvsensor.com\/api\/wp\/v2\/comments?post=9973"}],"version-history":[{"count":3,"href":"https:\/\/tvsensor.com\/api\/wp\/v2\/posts\/9973\/revisions"}],"predecessor-version":[{"id":9980,"href":"https:\/\/tvsensor.com\/api\/wp\/v2\/posts\/9973\/revisions\/9980"}],"wp:featuredmedia":[{"embeddable":true,"href":"https:\/\/tvsensor.com\/api\/wp\/v2\/media\/9974"}],"wp:attachment":[{"href":"https:\/\/tvsensor.com\/api\/wp\/v2\/media?parent=9973"}],"wp:term":[{"taxonomy":"category","embeddable":true,"href":"https:\/\/tvsensor.com\/api\/wp\/v2\/categories?post=9973"},{"taxonomy":"post_tag","embeddable":true,"href":"https:\/\/tvsensor.com\/api\/wp\/v2\/tags?post=9973"}],"curies":[{"name":"wp","href":"https:\/\/api.w.org\/{rel}","templated":true}]}}