{"id":9965,"date":"2019-05-28T01:20:24","date_gmt":"2019-05-28T01:20:24","guid":{"rendered":"https:\/\/senzor.ba\/?p=9965"},"modified":"2024-01-15T21:47:28","modified_gmt":"2024-01-15T20:47:28","slug":"zbog-duga-bivsem-treneru-zeljo-ostao-bez-licence-umjesto-njih-bih-ce-u-evropskoj-ligi-predstavljati-radnik-iz-bijeljine","status":"publish","type":"post","link":"https:\/\/tvsensor.com\/clanak\/zbog-duga-bivsem-treneru-zeljo-ostao-bez-licence-umjesto-njih-bih-ce-u-evropskoj-ligi-predstavljati-radnik-iz-bijeljine\/","title":{"rendered":"Zbog duga biv\u0161em treneru &#8220;\u017deljo&#8221; ostao bez licence: Umjesto njih BiH \u0107e u Evropskoj ligi predstavljati &#8220;Radnik&#8221; iz Bijeljine"},"content":{"rendered":"<p>FK Radnik naredne sezone igrat \u0107e UEFA-inu Evropsku ligu nakon \u0161to Drugostepena komisija za licenciranje Nogometnog saveza BiH i zvani\u010dno nije izdala licencu FK \u017deljezni\u010dar, potvr\u0111eno je na Facebook stranici kluba iz Bijeljine.<\/p>\n<p>Uz ovu obavijest, prilo\u017eena je i prepiska, o\u010dito sa nekim iz Nogometnog saveza Bosne i Hercegovine. U prepisci su upu\u0107ene \u010destitke te se navode upute o tome \u0161ta sve Radnik treba u\u010diniti kako bi pravilno ispunio formular i sve ostale uvjete da bi zaigrao na me\u0111unarodnoj sceni.<\/p>\n<p>Plavi su \u010detiri dana zakasnili s uplatom otpremnine na ime otkaza koji je uru\u010den Slavku Petrovi\u0107u, a zbog toga naredne godine nemaju pravo nastupa u Evropi i umjesto njih BiH \u0107e u Evropskoj ligi predstavljati Radnik iz Bijeljine.<\/p>\n","protected":false},"excerpt":{"rendered":"<p>FK Radnik naredne sezone igrat \u0107e UEFA-inu Evropsku ligu nakon \u0161to Drugostepena komisija za licenciranje Nogometnog saveza BiH i zvani\u010dno nije izdala licencu FK \u017deljezni\u010dar, potvr\u0111eno je na Facebook stranici kluba iz Bijeljine. Uz ovu obavijest, prilo\u017eena je i prepiska, o\u010dito sa nekim iz Nogometnog saveza Bosne i Hercegovine. U prepisci su upu\u0107ene \u010destitke te [&hellip;]<\/p>\n","protected":false},"author":59,"featured_media":9967,"comment_status":"open","ping_status":"closed","sticky":false,"template":"","format":"standard","meta":{"inline_featured_image":false,"footnotes":""},"categories":[62],"tags":[],"class_list":{"0":"post-9965","1":"post","2":"type-post","3":"status-publish","4":"format-standard","5":"has-post-thumbnail","7":"category-nogomet"},"acf":[],"_links":{"self":[{"href":"https:\/\/tvsensor.com\/api\/wp\/v2\/posts\/9965","targetHints":{"allow":["GET"]}}],"collection":[{"href":"https:\/\/tvsensor.com\/api\/wp\/v2\/posts"}],"about":[{"href":"https:\/\/tvsensor.com\/api\/wp\/v2\/types\/post"}],"author":[{"embeddable":true,"href":"https:\/\/tvsensor.com\/api\/wp\/v2\/users\/59"}],"replies":[{"embeddable":true,"href":"https:\/\/tvsensor.com\/api\/wp\/v2\/comments?post=9965"}],"version-history":[{"count":1,"href":"https:\/\/tvsensor.com\/api\/wp\/v2\/posts\/9965\/revisions"}],"predecessor-version":[{"id":9968,"href":"https:\/\/tvsensor.com\/api\/wp\/v2\/posts\/9965\/revisions\/9968"}],"wp:featuredmedia":[{"embeddable":true,"href":"https:\/\/tvsensor.com\/api\/wp\/v2\/media\/9967"}],"wp:attachment":[{"href":"https:\/\/tvsensor.com\/api\/wp\/v2\/media?parent=9965"}],"wp:term":[{"taxonomy":"category","embeddable":true,"href":"https:\/\/tvsensor.com\/api\/wp\/v2\/categories?post=9965"},{"taxonomy":"post_tag","embeddable":true,"href":"https:\/\/tvsensor.com\/api\/wp\/v2\/tags?post=9965"}],"curies":[{"name":"wp","href":"https:\/\/api.w.org\/{rel}","templated":true}]}}