{"id":9947,"date":"2019-05-28T00:40:33","date_gmt":"2019-05-28T00:40:33","guid":{"rendered":"https:\/\/senzor.ba\/?p=9947"},"modified":"2024-01-15T21:47:28","modified_gmt":"2024-01-15T20:47:28","slug":"sonja-biserko-srbija-tretira-rs-kao-ratni-plijen-i-radi-na-njenom-otudenju-od-bih","status":"publish","type":"post","link":"https:\/\/tvsensor.com\/clanak\/sonja-biserko-srbija-tretira-rs-kao-ratni-plijen-i-radi-na-njenom-otudenju-od-bih\/","title":{"rendered":"Sonja Biserko: &#8220;Srbija tretira RS kao ratni plijen i radi na njenom otu\u0111enju od BiH&#8221;"},"content":{"rendered":"<p>Komentiraju\u0107i izjavu biv\u0161eg predsjednika Hrvatske\u00a0<strong>Stipe Mesi\u0107a<\/strong>\u00a0kako su posebne veze susjeda s entitetima u BiH ko\u010dnica njenog napretka, te da bi EU to mogla rije\u0161iti uvjetovanjem Srbije pristupanju \u010dlanstvu EU ukidanjem specijalnih veza koje ima sa Republikom Srpskom, Biserko je kazala kako to Srbija radi zato \u0161to njene veze sa Republikom Srpskom idu u pravcu totalnog otu\u0111enja RS-a od BiH.<\/p>\n<p>\u201eKao \u0161to znamo to svakodnevno izlazi, prije svega kroz izjave\u00a0<strong>Milorada Dodika<\/strong>, koji o BiH stalno govori kao o nefunkcionalnoj dr\u017eavi. On nije jedini, to govore i drugi srpski politi\u010dari. Tako da u stvari taj cijeli specijalni status sa Republikom Srpskom, podrazumijeva i odnose sa cijelom BiH, ne samo sa RS-om. On je u funkciji rasturanja BiH kao nezavisne funkcionalne dr\u017eave, to je rastakanje tkiva bosanske dr\u017eave\u201c, ka\u017ee Biserko.<\/p>\n<p>Ona smatra kako EU nije dovoljno obratila pa\u017enju na djelovanje Dodika.<\/p>\n<p>\u201e\u010cak su otvorili i posebnu kancelariju u Banja Luci za komunikaciju sa Republikom Srpskom umjesto da to sve bude u glavnom gradu, kao \u0161to je bio slu\u010daj sa ostalim zemljama koje su ili na putu za EU ili su ve\u0107 postale. Tu su napravljene odre\u0111ene gre\u0161ke u postupcima posljednjih deset godina, naro\u010dito od kada je sam Dodik radikalizovao svoju retoriku\u201c, isti\u010de Biserko..<\/p>\n<p>Ona podsje\u0107a kako to po\u010dinje od 2008. godine kada je Kosovo proglasilo nezavisnost i od tada RS, odnosno Dodik, koristi Kosovo kao argument za osamostaljenje RS-a.<\/p>\n<p>\u201eImali smo ovdje i ispred na\u0161eg Ministarstva vanjskih poslova transparent \u201eAko Kosovo nije Srbija, ni Republika Srpska nije BiH\u201c. To je ne\u0161to \u0161to je glavni cilj Beograda oduvijek bio, jer se Republika Srpska tretira kao ratni plijen od kojeg se ne\u0107e lako odustati. Dakle, sve ove mahinacije koje se zovu specijalni odnosi ili kulturni prostor, deklaracija ili povelja o kulturnom prostoru sve je to u funkciji zaokru\u017eivanja tog prostora koji bi u eventualnom nekim novim me\u0111unarodnim okolnostima omogu\u0107ili da se oni zapravo i ujedine, uklju\u010duju\u0107i tu i Crnu Goru, koja je stalna meta\u201c, smatra Biserko.<\/p>\n<p>Na\u017ealost, dodaje Biserko, sav ovaj me\u0111unarodni mete\u017e u kojem su geostrate\u0161ka razmi\u0161ljanja prevagnula, se do krajnjih granica rastegao, jer svako je definisao svoje interesne sfere tamo gdje je mogu\u0107e i u toj atmosferi koja se posebno odra\u017eava ovdje na Balkanu, gdje ima vi\u0161e aktera koji su prisutni, lokalni lideri vide mogu\u0107nost za tu vrstu rekompozicije Balkana, prije svega u Beogradu.<\/p>\n<p>\u201eStalno se sugeri\u0161e da je to prosto neminovnost, imaju svoje zagovornike na tu temu i u me\u0111unarodnoj zajednici u nekim eminentnim ljudima koji su \u010dak i u\u010destvovali u balkanskim poslovima svojevremeno u svojoj karijeri. Zna\u010di, pitanje promjene granice je legitimisano u ovom dijalogu izme\u0111u Pri\u0161tine i Beograda, tu je \u010dak na neki na\u010din popustila i Komesarka EU za vanjsku politiku\u00a0<strong>Federica Mogherini<\/strong>, jer je dozvolila da se to na neki na\u010din postavi i legitimi\u0161e kao tema o kojoj mo\u017ee da se govori kroz formulaciju \u201eako se dvije strane dogovore\u201c\u201c, dodaje predswjednica Helsin\u0161kog odbora za ljudska prava u Srbiji.<\/p>\n<p>Biserko dodaje kako je ovaj nedavni Samit u Berlinu to nekako stavio ad akta, jer to nije bila tema \u0161to se vidjelo po raspolo\u017eenju i Vu\u010di\u0107a i Ta\u010dija.<\/p>\n<p>\u201eMe\u0111utim, oni svakako nisu odustali od toga i ne govore puno o tome. Neki me\u0111unarodni lobisti i dalje govore o tome, to su imena koja ne treba zanemarivati, ali na nivou evropskih zemalja, barem onih najrelevantnijih i najuticajnijih, to nije opcija, \u0161to ne zna\u010di da se u nekim odre\u0111enim okolnostima to ne\u0107e ponovo potegnuti. Mislim da je to, ipak, suvi\u0161e rizi\u010dno, za Evropu prije svega, zato \u0161to otvara mnoga pitanja, prije svega sigurnosna, a na ovom Samitu u Berlinu oni su posebno naglasili aspekt sigurnosti kada se govori o Zapadnom Balkanu\u201c, navodi Biserko.<\/p>\n<p>Na pitanje koliko bi rezultati ju\u010dera\u0161njih izbora za saziv novog Evropskog parlamenta, odnosno odnos snaga u EU, mogao utjecati na budu\u0107nost ovih pitanja, Biserko odgovara da rezultati izbora za Evropski parlament nisu pora\u017eavaju\u0107i, jer oni prije svega odra\u017eavaju jednu klimu u EU i uop\u0161te u svijetu.<\/p>\n<p>\u201eMnoga pitanja su otvorena. Zeleni su dobil vrlo zna\u010dajnu podr\u0161ku \u0161to zna\u010di da se ipak otvaraju neka nova pitanja, pogotovo kod mla\u0111ih generacija. To su vrlo ozbiljna pitanja, jer \u010dini se da su ove starije generacije jo\u0161 uvijek na temama koje su na neki na\u010din pro\u0161lost. Ne vjerujem da \u0107e do\u0107i do nekih promjena u stavovima s obzirom da koalicija koja je u prethodnom sazivu bila dominantna i dalje ostaje. Bi\u0107e vjerovatno raznih rasprava u EU parlamentu, \u0161to je normalno, jer su te glavne partije koje su \u010dinile ve\u0107inu u parlamentu ka\u017enjene od svojih glasa\u010da, ali nisu ih kaznili toliko da su one dovedene kao mainstream pravac u EU\u201c, isti\u010de Biserko.<\/p>\n<p>Zna\u010di, nastavlja Biserko, ovi izbori su ipak pakazali da su sve zemlje zainteresovane za EU uz, naravno, sve odre\u0111ene korekcije koje su ionako na dnevnom redu.<\/p>\n<p>\u201eTa ekstremna desnica, bez obzira \u0161to je dobila odre\u0111eni broj glasova, nije dobila ono \u0161to se o\u010dekivalo i o \u010demu se mnogo govorilo. Bilo je mogo intervenisanja od strane Rusije, ali ipak nisu uspjeli\u201c, zaklju\u010dila je Sonja Biserko.<\/p>\n<p>SB<\/p>\n","protected":false},"excerpt":{"rendered":"<p>Komentiraju\u0107i izjavu biv\u0161eg predsjednika Hrvatske\u00a0Stipe Mesi\u0107a\u00a0kako su posebne veze susjeda s entitetima u BiH ko\u010dnica njenog napretka, te da bi EU to mogla rije\u0161iti uvjetovanjem Srbije pristupanju \u010dlanstvu EU ukidanjem specijalnih veza koje ima sa Republikom Srpskom, Biserko je kazala kako to Srbija radi zato \u0161to njene veze sa Republikom Srpskom idu u pravcu totalnog [&hellip;]<\/p>\n","protected":false},"author":59,"featured_media":9948,"comment_status":"open","ping_status":"closed","sticky":false,"template":"","format":"standard","meta":{"inline_featured_image":false,"footnotes":""},"categories":[75],"tags":[],"class_list":{"0":"post-9947","1":"post","2":"type-post","3":"status-publish","4":"format-standard","5":"has-post-thumbnail","7":"category-intervju"},"acf":[],"_links":{"self":[{"href":"https:\/\/tvsensor.com\/api\/wp\/v2\/posts\/9947","targetHints":{"allow":["GET"]}}],"collection":[{"href":"https:\/\/tvsensor.com\/api\/wp\/v2\/posts"}],"about":[{"href":"https:\/\/tvsensor.com\/api\/wp\/v2\/types\/post"}],"author":[{"embeddable":true,"href":"https:\/\/tvsensor.com\/api\/wp\/v2\/users\/59"}],"replies":[{"embeddable":true,"href":"https:\/\/tvsensor.com\/api\/wp\/v2\/comments?post=9947"}],"version-history":[{"count":1,"href":"https:\/\/tvsensor.com\/api\/wp\/v2\/posts\/9947\/revisions"}],"predecessor-version":[{"id":9949,"href":"https:\/\/tvsensor.com\/api\/wp\/v2\/posts\/9947\/revisions\/9949"}],"wp:featuredmedia":[{"embeddable":true,"href":"https:\/\/tvsensor.com\/api\/wp\/v2\/media\/9948"}],"wp:attachment":[{"href":"https:\/\/tvsensor.com\/api\/wp\/v2\/media?parent=9947"}],"wp:term":[{"taxonomy":"category","embeddable":true,"href":"https:\/\/tvsensor.com\/api\/wp\/v2\/categories?post=9947"},{"taxonomy":"post_tag","embeddable":true,"href":"https:\/\/tvsensor.com\/api\/wp\/v2\/tags?post=9947"}],"curies":[{"name":"wp","href":"https:\/\/api.w.org\/{rel}","templated":true}]}}