{"id":9943,"date":"2019-05-27T23:57:09","date_gmt":"2019-05-27T23:57:09","guid":{"rendered":"https:\/\/senzor.ba\/?p=9943"},"modified":"2024-01-15T21:47:29","modified_gmt":"2024-01-15T20:47:29","slug":"u-julu-trodnevni-festival-pyramid-yoga-fest-u-ajdinovicima","status":"publish","type":"post","link":"https:\/\/tvsensor.com\/clanak\/u-julu-trodnevni-festival-pyramid-yoga-fest-u-ajdinovicima\/","title":{"rendered":"U julu trodnevni festival Pyramid Yoga Fest u Ajdinovi\u0107ima"},"content":{"rendered":"<p>Bosna i Hercegovina ne prestaje privla\u010diti ljude iz cijeloga svijeta. Priroda, turbulentna istorija, hrana, festivali i naravno ljudi, razlog su zbog kojeg dolaze.<\/p>\n<p>Od ove godine, preciznije od 26.7. ima\u0107e i razlog vi\u0161e za posjetu na\u0161oj zemlji. U sveop\u0161tem haosu suvremenog \u017eivota, raste broj ljudi koji \u017eele \u017eivjeti, zdravo u miru sa sobom i okolinom. Upravo to pru\u017ea trodnevni Pyramid Yoga Fest smje\u0161ten u prelijepom ambijentu, sportsko \u2013rekreativnog centra Ajdinovi\u0107i.<\/p>\n<p>Iako je u fokusu yoga kao vode\u0107a tehnika uspostavljanja balansa i opu\u0161tanja, bi\u0107e prezentirane i druge tehnike kojima mo\u017eemo pobolj\u0161ati zdravlje i \u017eivot; meditacija, reiki, zvu\u010dne kupke, radionice o zdravoj prehrani i sl.<\/p>\n<p>Posebna pa\u017enja posve\u0107ena je radu s djecom. Kroz edukativne i zabavne radionice, djeca \u0107e u\u010diti o ekologiji, o\u010duvanju prirode, zdravoj prehrani&#8230; Umjetni\u010dke izlo\u017ebe, i bogat muzi\u010dki program, u\u010dini\u0107e potpunim ovo trodnevno putovanje u nepregledna prostranstva na\u0161ih bi\u0107a. Vi\u0161e na <a href=\"http:\/\/www.pyramidyogafest.org\">www.pyramidyogafest.org<\/a><\/p>\n<p>Muzi\u010dari\/ke, umjetnici\/e, predava\u010di\/ce dolaze iz cijeloga svijeta. Potvr\u0111en je i veliki broj posjetitelja iz regiona a cilj je pozicionirati BiH i kada su ovakvi doga\u0111aji u pitanju. Pyramid Yoga Festival u narednim godinama posta\u0107e regionalno mjesto okupljanja spiritualno osvije\u0161tenih ljudi.<\/p>\n<p>Cilj je podizanje svijesti pojedinca i zajednice o zdravom i svjesnom na\u010dinu \u017eivljenja, zna\u010daju kulture i umjetnosti u povezivanju naroda, privu\u0107i posjetitelje iz svih dijelova Evrope i svijeta, te poslati pozitivnu poruku iz na\u0161e zemlje. Festivala\u00a0 treba postati platformom dru\u0161tveno odgovornih partnera prema zajednici, prirodi i nama samima.Tome u prilog ide i opredjeljenje da na festivalu ne\u0107e biti kori\u0161tena jednokratna plasti\u010dna ambala\u017ea !<\/p>\n","protected":false},"excerpt":{"rendered":"<p>Bosna i Hercegovina ne prestaje privla\u010diti ljude iz cijeloga svijeta. Priroda, turbulentna istorija, hrana, festivali i naravno ljudi, razlog su zbog kojeg dolaze. Od ove godine, preciznije od 26.7. ima\u0107e i razlog vi\u0161e za posjetu na\u0161oj zemlji. U sveop\u0161tem haosu suvremenog \u017eivota, raste broj ljudi koji \u017eele \u017eivjeti, zdravo u miru sa sobom i okolinom. [&hellip;]<\/p>\n","protected":false},"author":59,"featured_media":9945,"comment_status":"open","ping_status":"closed","sticky":false,"template":"","format":"standard","meta":{"inline_featured_image":false,"footnotes":""},"categories":[46],"tags":[],"class_list":{"0":"post-9943","1":"post","2":"type-post","3":"status-publish","4":"format-standard","5":"has-post-thumbnail","7":"category-kultura"},"acf":[],"_links":{"self":[{"href":"https:\/\/tvsensor.com\/api\/wp\/v2\/posts\/9943","targetHints":{"allow":["GET"]}}],"collection":[{"href":"https:\/\/tvsensor.com\/api\/wp\/v2\/posts"}],"about":[{"href":"https:\/\/tvsensor.com\/api\/wp\/v2\/types\/post"}],"author":[{"embeddable":true,"href":"https:\/\/tvsensor.com\/api\/wp\/v2\/users\/59"}],"replies":[{"embeddable":true,"href":"https:\/\/tvsensor.com\/api\/wp\/v2\/comments?post=9943"}],"version-history":[{"count":1,"href":"https:\/\/tvsensor.com\/api\/wp\/v2\/posts\/9943\/revisions"}],"predecessor-version":[{"id":9946,"href":"https:\/\/tvsensor.com\/api\/wp\/v2\/posts\/9943\/revisions\/9946"}],"wp:featuredmedia":[{"embeddable":true,"href":"https:\/\/tvsensor.com\/api\/wp\/v2\/media\/9945"}],"wp:attachment":[{"href":"https:\/\/tvsensor.com\/api\/wp\/v2\/media?parent=9943"}],"wp:term":[{"taxonomy":"category","embeddable":true,"href":"https:\/\/tvsensor.com\/api\/wp\/v2\/categories?post=9943"},{"taxonomy":"post_tag","embeddable":true,"href":"https:\/\/tvsensor.com\/api\/wp\/v2\/tags?post=9943"}],"curies":[{"name":"wp","href":"https:\/\/api.w.org\/{rel}","templated":true}]}}