{"id":9941,"date":"2019-05-27T23:51:28","date_gmt":"2019-05-27T23:51:28","guid":{"rendered":"https:\/\/senzor.ba\/?p=9941"},"modified":"2024-01-15T21:47:29","modified_gmt":"2024-01-15T20:47:29","slug":"predstavljen-program-23-manifestacije-novogradski-dani-2019-mnostvo-sadrzaja-namijenjenih-svim-generacijama","status":"publish","type":"post","link":"https:\/\/tvsensor.com\/clanak\/predstavljen-program-23-manifestacije-novogradski-dani-2019-mnostvo-sadrzaja-namijenjenih-svim-generacijama\/","title":{"rendered":"Predstavljen program 23. manifestacije \u201eNovogradski dani 2019\u201c: Mno\u0161tvo sadr\u017eaja namijenjenih svim generacijama"},"content":{"rendered":"<p style=\"text-align: justify\"><span>Ovogodi\u0161nja 23. po redu manifestacija \u201eNovogradski dani 2019.\u201c trajat \u0107e od 31. maja do 30. juna, kada \u0107e gra\u0111ani imati priliku u\u017eivati u mno\u0161tvu raznovrsnih programskih sadr\u017eaja, namijenjenih svim generacijama, od najmla\u0111ih sugra\u0111ana do penzionera.<\/span><\/p>\n<p style=\"text-align: justify\"><span>Manifestacija \u0107e po\u010deti izlo\u017ebom panela iz fundusa Gazi Husrev-begove biblioteke \u201eMevlud u kulturi bh. muslimana\u201c u Galeriji Op\u0107ine Novi Grad, najavljeno je na dana\u0161njoj konferenciji za medije na kojoj je predstavljen Program Novogradskih dana.<\/span><\/p>\n<p style=\"text-align: justify\"><span>Na vi\u0161e lokacija planirano je odr\u017eavanja kulturnih, zabavnih i sportskih sadr\u017eaja, koji \u0107e se odvijati u Centru \u201eSafet Zajko\u201c, Centru za kulturu &#8211; vila Had\u017eihalilovi\u0107a, platou ispred sportske dvorane Dobrinja, multimedijalnoj sali Op\u0107ine Novi Grad Sarajevo i drugim lokacijama.<\/span><\/p>\n<p style=\"text-align: justify\"><span>Najavljen je i koncert duhovne muzike na kojem \u0107e nastupiti Armin Muzaferija u pratnji tesavvufskog ansambla, zatim \u010dlanovi hora \u201eHamza\u201c i Aziz Alili, tre\u0107eg dana Bajrama, 6. maja, u 20 sati u Centru \u201eSafet Zajko\u201c<\/span><\/p>\n<p style=\"text-align: justify\"><span>Koncert zabavne muzike sa D\u017eenanom Lon\u010darevi\u0107em odr\u017eat \u0107e se, u petak 28. juna, u 21 sat ispred sportske dvorane Dobrinja. Dan poslije, planiran je koncert klasi\u010dne muzike u izvedbi orkestra Muzi\u010dke akademije Univerziteta u Sarajevu, a pod dirigentskom palicom Emira Mejremi\u0107a. Koncert \u0107e se odr\u017eati u multimedijalnoj sali Op\u0107ine, u 20 sati.<\/span><\/p>\n<p style=\"text-align: justify\"><span>U Galeriji Op\u0107ine Novi Grad bit \u0107e veliki broj izlo\u017ebi, stalnih postavki, Gazi Husrev-begove biblioteke, Umjetni\u010dke galerije BiH, zatim izlo\u017eba Indire Ku\u010duk \u2013 Sorgu\u010d \u201eSarajke na platnima bh. slikara\u201c, evolucijska pro\u0161lost od genetike do kulture.<\/span><\/p>\n<p style=\"text-align: justify\"><span>Doga\u0111aji poput internacionalnog festivala folklora koji \u0107e okupiti veliki broj u\u010desnika iz Sarajeva, BiH i drugih zemalja zasigurno \u0107e izazvati pa\u017enju posjetilaca, a i ove godine za penzionere \u0107e biti prire\u0111eno dru\u017eenje u Centru \u201eSafet Zajko\u201c, kao i \u201ePorodi\u010dni dan\u201c za djecu i njihove roditelje. Omladinske i druge knji\u017eevne ve\u010deri odr\u017eavat \u0107e se u Centru za kulturu &#8211; vila Had\u017eihalilovi\u0107a na Dobrinji.<\/span><\/p>\n<p style=\"text-align: justify\"><span>U saradnji sa Pozori\u0161tem mladih, u multimedijalnoj sali, \u00a017. juna, u 12 sati bit \u0107e odr\u017eana dje\u010dija pozori\u0161na predstava \u201ePrinceza na zrnu gra\u0161ka\u201c prilago\u0111ena gluhoj i nagluhoj i slijepoj i slabovidnoj djeci. Publika \u0107e imati priliku pogledati i pozori\u0161nu predstavu SARTR-a \u201cSavr\u0161en kroj\u201c, 25. juna, u 19 sati u multimedijalnoj sali Op\u0107ine.<\/span><\/p>\n<p style=\"text-align: justify\"><span>Na sportskim terenima odr\u017eat \u0107e se doma\u0107a i me\u0111unarodna takmi\u010denja u sjede\u0107oj odbojci, odbojci, fudbalu, rukometu, ko\u0161arci u kolicima, tekvandou, karateu, boksu, atletici, \u0161ahu, plivanju, a ne\u0107e izostati ni takmi\u010denja u plesu i strelja\u0161tvu.<\/span><\/p>\n<p><strong><span>Dan odbrane op\u0107ine Novi Grad Sarajevo, 8. juna na Golom brdu<\/span><\/strong><\/p>\n<p style=\"text-align: justify\"><span>U mjesecu junu obilje\u017eit \u0107e se 30 zna\u010dajnih datuma, doga\u0111aja i li\u010dnosti iz perioda odbrambeno &#8211; oslobodila\u010dkog rata od 1992-1995. godine i perioda 1941-1945. godina. Jedna od najzna\u010dajnijih aktivnosti je Dan odbrane Op\u0107ine Novi Grad Sarajevo i bitke za brdo \u017du\u010d. Tajib Delali\u0107, potpredsjednik Organizacionog odbora za obilje\u017eavanje ovog zna\u010dajnog datuma, najavio je da \u0107e, u subotu 8. juna, na brdu \u017du\u010d, na lokalitetu Golog brda, uz prigodan program i dru\u017eenje sa borcima biti obilje\u017een jedan od najzna\u010dajnijih datuma u odbrani Op\u0107ine Novi Grad i grada Sarajeva od agresora. Program \u0107e po\u010deti u 17 sati, gdje \u0107e biti uprili\u010den koncert patriotskih pjesama nekada\u0161nje vojne \u010dete, historijski \u010das i ru\u010dak za oko 2.500 posjetilaca. Za gra\u0111ane koji budu \u017eeljeli prisustvovati ovom doga\u0111aju bit \u0107e obezbije\u0111en prevoz.<\/span><\/p>\n<p style=\"text-align: justify\"><span>\u00a0Ulaz na sve doga\u0111aje u okviru manifestacije \u201cNovogradski dani 2019\u201d je slobodan.<\/span><\/p>\n","protected":false},"excerpt":{"rendered":"<p>Ovogodi\u0161nja 23. po redu manifestacija \u201eNovogradski dani 2019.\u201c trajat \u0107e od 31. maja do 30. juna, kada \u0107e gra\u0111ani imati priliku u\u017eivati u mno\u0161tvu raznovrsnih programskih sadr\u017eaja, namijenjenih svim generacijama, od najmla\u0111ih sugra\u0111ana do penzionera. Manifestacija \u0107e po\u010deti izlo\u017ebom panela iz fundusa Gazi Husrev-begove biblioteke \u201eMevlud u kulturi bh. muslimana\u201c u Galeriji Op\u0107ine Novi Grad, [&hellip;]<\/p>\n","protected":false},"author":59,"featured_media":9942,"comment_status":"open","ping_status":"closed","sticky":false,"template":"","format":"standard","meta":{"inline_featured_image":false,"footnotes":""},"categories":[46],"tags":[],"class_list":{"0":"post-9941","1":"post","2":"type-post","3":"status-publish","4":"format-standard","5":"has-post-thumbnail","7":"category-kultura"},"acf":[],"_links":{"self":[{"href":"https:\/\/tvsensor.com\/api\/wp\/v2\/posts\/9941","targetHints":{"allow":["GET"]}}],"collection":[{"href":"https:\/\/tvsensor.com\/api\/wp\/v2\/posts"}],"about":[{"href":"https:\/\/tvsensor.com\/api\/wp\/v2\/types\/post"}],"author":[{"embeddable":true,"href":"https:\/\/tvsensor.com\/api\/wp\/v2\/users\/59"}],"replies":[{"embeddable":true,"href":"https:\/\/tvsensor.com\/api\/wp\/v2\/comments?post=9941"}],"version-history":[{"count":1,"href":"https:\/\/tvsensor.com\/api\/wp\/v2\/posts\/9941\/revisions"}],"predecessor-version":[{"id":9944,"href":"https:\/\/tvsensor.com\/api\/wp\/v2\/posts\/9941\/revisions\/9944"}],"wp:featuredmedia":[{"embeddable":true,"href":"https:\/\/tvsensor.com\/api\/wp\/v2\/media\/9942"}],"wp:attachment":[{"href":"https:\/\/tvsensor.com\/api\/wp\/v2\/media?parent=9941"}],"wp:term":[{"taxonomy":"category","embeddable":true,"href":"https:\/\/tvsensor.com\/api\/wp\/v2\/categories?post=9941"},{"taxonomy":"post_tag","embeddable":true,"href":"https:\/\/tvsensor.com\/api\/wp\/v2\/tags?post=9941"}],"curies":[{"name":"wp","href":"https:\/\/api.w.org\/{rel}","templated":true}]}}