{"id":9654,"date":"2019-05-21T23:43:20","date_gmt":"2019-05-21T23:43:20","guid":{"rendered":"https:\/\/senzor.ba\/?p=9654"},"modified":"2024-01-15T21:47:40","modified_gmt":"2024-01-15T20:47:40","slug":"dugorocna-vremenska-prognoza-kisa-u-bih-do-15-juna","status":"publish","type":"post","link":"https:\/\/tvsensor.com\/clanak\/dugorocna-vremenska-prognoza-kisa-u-bih-do-15-juna\/","title":{"rendered":"Dugoro\u010dna vremenska prognoza: Ki\u0161a u BiH do 15. juna?"},"content":{"rendered":"<p><strong>Prema dugoro\u010dnoj prognozi koju je uradio Evropski centar za srednjoro\u010dne i dugoro\u010dne prognoze, u Bosni i Hercegovini se do 15. juna o\u010dekuje nestabilno vrijeme s ki\u0161om, odnosno sa pljuskovima koji \u0107e padati skoro svaki dan.<\/strong><\/p>\n<p>Rekao je ovo za \u201cNezavisne\u201d Neboj\u0161a Ku\u0161trinovi\u0107, meteorolog, i dodao da iako \u0107e nas svaki dan o\u010dekivati pljuskovi, ipak \u0107e biti toplo, \u0161to zna\u010di da \u0107e biti i sunca i ki\u0161e.<\/p>\n<p><em>\u201c\u010cinjenica je da \u0107e vrijeme ostati nestabilno i uslova za pojavu pljuskova i grmljavine \u0107e biti, a za vikend nas o\u010dekuje sli\u010dna temperatura kao i ovih dana, odnosno prije podne sun\u010dano, a poslije podne ki\u0161a\u201d,<\/em>\u00a0ka\u017ee Ku\u0161trinovi\u0107.<\/p>\n<div id=\"bsa-html\" class=\"bsaProContainerNew bsaProContainer-5 bsa-html bsa-pro-col-1\">\n<div class=\"bsaProItems bsaGridGutter \">\n<div class=\"bsaProItem bsaReset\">\n<div class=\"bsaProItemInner\">\n<div class=\"bsaProItemInner__copy\">\n<div class=\"bsaProItemInner__copyInner\">\n<div class=\"bsaProItemInner__html\"><\/div>\n<\/div>\n<\/div>\n<\/div>\n<\/div>\n<\/div>\n<\/div>\n<p>Dodao je da je po\u017eeljno pratiti kratkoro\u010dne prognoze do sedam dana, koje su mnogo preciznije od dugoro\u010dnih.<\/p>\n<p><em>\u201cNema ve\u0107ih opasnosti od poplava, ali u svakom slu\u010daju dobro je \u0161to imamo dobar monitoring na slivovima i bi\u0107emo u prilici da na vrijeme informi\u0161emo stanovni\u0161tvo\u201d,<\/em>\u00a0rekao je Ku\u0161trinovi\u0107.<\/p>\n<p>U Republi\u010dkom hidrometeorolo\u0161kom zavodu RS ka\u017eu da se do ponedjeljka o\u010dekuje promjenjivo obla\u010dno vrijeme sa sun\u010danim intervalima i sa temperaturom od 16 do 23 stepena.<\/p>\n<p><em>\u201cSvakodnevno bi\u0107e razvoja obla\u010dnosti, ponegdje pljuskovi sa grmljavinom, i to je prognoza za naredne dane\u201d<\/em>, rekli su u Zavodu.<\/p>\n<p>U Federalnom hidrometeorolo\u0161kom zavodu ka\u017eu da se u BiH sutra o\u010dekuje prete\u017eno obla\u010dno i nestabilno vrijeme sa pljuskovima i grmljavinom.<\/p>\n<p>U petak se o\u010dekuje prete\u017eno obla\u010dno vrijeme, prenose Nezavisne.<\/p>\n","protected":false},"excerpt":{"rendered":"<p>Prema dugoro\u010dnoj prognozi koju je uradio Evropski centar za srednjoro\u010dne i dugoro\u010dne prognoze, u Bosni i Hercegovini se do 15. juna o\u010dekuje nestabilno vrijeme s ki\u0161om, odnosno sa pljuskovima koji \u0107e padati skoro svaki dan. Rekao je ovo za \u201cNezavisne\u201d Neboj\u0161a Ku\u0161trinovi\u0107, meteorolog, i dodao da iako \u0107e nas svaki dan o\u010dekivati pljuskovi, ipak \u0107e [&hellip;]<\/p>\n","protected":false},"author":59,"featured_media":9655,"comment_status":"open","ping_status":"closed","sticky":false,"template":"","format":"standard","meta":{"inline_featured_image":false,"footnotes":""},"categories":[38],"tags":[],"class_list":{"0":"post-9654","1":"post","2":"type-post","3":"status-publish","4":"format-standard","5":"has-post-thumbnail","7":"category-vijesti-iz-bih"},"acf":[],"_links":{"self":[{"href":"https:\/\/tvsensor.com\/api\/wp\/v2\/posts\/9654","targetHints":{"allow":["GET"]}}],"collection":[{"href":"https:\/\/tvsensor.com\/api\/wp\/v2\/posts"}],"about":[{"href":"https:\/\/tvsensor.com\/api\/wp\/v2\/types\/post"}],"author":[{"embeddable":true,"href":"https:\/\/tvsensor.com\/api\/wp\/v2\/users\/59"}],"replies":[{"embeddable":true,"href":"https:\/\/tvsensor.com\/api\/wp\/v2\/comments?post=9654"}],"version-history":[{"count":1,"href":"https:\/\/tvsensor.com\/api\/wp\/v2\/posts\/9654\/revisions"}],"predecessor-version":[{"id":9656,"href":"https:\/\/tvsensor.com\/api\/wp\/v2\/posts\/9654\/revisions\/9656"}],"wp:featuredmedia":[{"embeddable":true,"href":"https:\/\/tvsensor.com\/api\/wp\/v2\/media\/9655"}],"wp:attachment":[{"href":"https:\/\/tvsensor.com\/api\/wp\/v2\/media?parent=9654"}],"wp:term":[{"taxonomy":"category","embeddable":true,"href":"https:\/\/tvsensor.com\/api\/wp\/v2\/categories?post=9654"},{"taxonomy":"post_tag","embeddable":true,"href":"https:\/\/tvsensor.com\/api\/wp\/v2\/tags?post=9654"}],"curies":[{"name":"wp","href":"https:\/\/api.w.org\/{rel}","templated":true}]}}