{"id":9649,"date":"2019-05-21T23:33:22","date_gmt":"2019-05-21T23:33:22","guid":{"rendered":"https:\/\/senzor.ba\/?p=9649"},"modified":"2024-01-15T21:47:40","modified_gmt":"2024-01-15T20:47:40","slug":"bosanac-denis-avdic-ja-sam-najpouzdaniji-migrant-u-sloveniji","status":"publish","type":"post","link":"https:\/\/tvsensor.com\/clanak\/bosanac-denis-avdic-ja-sam-najpouzdaniji-migrant-u-sloveniji\/","title":{"rendered":"Bosanac Denis Avdi\u0107: Ja sam najpouzdaniji migrant u Sloveniji"},"content":{"rendered":"<p>Denis Avdi\u0107, porijeklom iz Gra\u010danice, koji je ve\u0107 godinama istaknuta li\u010dnost u radio-televizijskom svijetu u Slovenije, \u010detvrti put je progla\u0161en osobom godine na presti\u017enom doga\u0111aju \u201eTrusted Brand 2019.\u201c u ovoj zemlji.<\/p>\n<p><strong>Izuzetna \u010dast<\/strong><\/p>\n<p>&#8211; Radi se o dodjeli nagrada za povjerenje, ta\u010dnije kojim brendovima u Sloveniji se najvi\u0161e vjeruje. Nagrade idu firmama i za pet javnih li\u010dnosti &#8211; sportisti, muzi\u010daru, poduzetniku, TV osobi i radijskom voditelju. U postu na Instagramu i na primanju nagrade sam se na\u0161alio da je izuzetna \u010dast u ovim vremenima da Slovenci najvi\u0161e vjeruju migrantu. Tako sam \u010destitao ostalim brend firmama i osobama \u2013 rekao nam je Avdi\u0107.<\/p>\n<p>Harizmati\u010dni komi\u010dar ve\u0107 devet godina vodi popularnu emisiju jutarnjeg programa \u201cDenis Avdi\u0107 Show\u201d na Radiju 1, a posebno mu je drago \u0161to je ovaj izbor strogo profesionalan i regularan.<\/p>\n<p><strong>Realno stanje<\/strong><\/p>\n<p>&#8211; Drago mi je jo\u0161 vi\u0161e zbog toga \u0161to nije bilo glasanja, nego su nagrade podijeljene na osnovu istra\u017eivanja agencije \u201eMediana\u201c. Ova agencija radi i istra\u017eivanja pred izbore i uvijek su ta\u010dni u svojim rezultatima. Zna\u010di, nije moglo da do\u0111e do \u201cmobilizacije\u201d glasa\u010da, nego se radi o realnom stanju \u010ditave populacije u dr\u017eavi. Povjerenje je te\u0161ko ste\u0107i i lako ga je izgubiti. Nosi sa sobom i veliku odgovornost i nadam se da \u0107e jo\u0161 dugo godina biti tako \u2013 govori nam voditelj.<\/p>\n<p>Osim Avdi\u0107a, nagra\u0111eni su jo\u0161 Ivo Boscarol, poduzetnik, Slavko Bobovnik, TV-voditelj, Ilka \u0160tuhec, sportistkinja, te grupa \u201eSiddharta\u201c.<\/p>\n<p><strong>Tvoje lice zvu\u010di poznato\u00a0<\/strong><\/p>\n<p>Avdi\u0107 ve\u0107 nekoliko godina, osim svog \u0161oua na Radiju 1, vodi i popularnu TV emisiju \u201eTvoje lice zvu\u010di poznato\u201c, za koju isti\u010de da mu je posebno draga jer iziskuje njegovu spontanost i visprenost.<\/p>\n<p><strong>Karijera policajca<\/strong><\/p>\n<p>&#8211; Svakog petka radio sam u policiji do sedam ujutro, a onda bih oti\u0161ao na radio od 8 do 14 sati i opet u no\u0107nu smjenu u policiju. To je trajalo dvije godine, a onda sam napustio policiju i po\u010deo raditi samo na radiju \u2013 istakao je Avdi\u0107.<\/p>\n<p>avaz.ba<\/p>\n","protected":false},"excerpt":{"rendered":"<p>Denis Avdi\u0107, porijeklom iz Gra\u010danice, koji je ve\u0107 godinama istaknuta li\u010dnost u radio-televizijskom svijetu u Slovenije, \u010detvrti put je progla\u0161en osobom godine na presti\u017enom doga\u0111aju \u201eTrusted Brand 2019.\u201c u ovoj zemlji. Izuzetna \u010dast &#8211; Radi se o dodjeli nagrada za povjerenje, ta\u010dnije kojim brendovima u Sloveniji se najvi\u0161e vjeruje. Nagrade idu firmama i za pet [&hellip;]<\/p>\n","protected":false},"author":59,"featured_media":9650,"comment_status":"open","ping_status":"closed","sticky":false,"template":"","format":"standard","meta":{"inline_featured_image":false,"footnotes":""},"categories":[39],"tags":[],"class_list":{"0":"post-9649","1":"post","2":"type-post","3":"status-publish","4":"format-standard","5":"has-post-thumbnail","7":"category-dijaspora"},"acf":[],"_links":{"self":[{"href":"https:\/\/tvsensor.com\/api\/wp\/v2\/posts\/9649","targetHints":{"allow":["GET"]}}],"collection":[{"href":"https:\/\/tvsensor.com\/api\/wp\/v2\/posts"}],"about":[{"href":"https:\/\/tvsensor.com\/api\/wp\/v2\/types\/post"}],"author":[{"embeddable":true,"href":"https:\/\/tvsensor.com\/api\/wp\/v2\/users\/59"}],"replies":[{"embeddable":true,"href":"https:\/\/tvsensor.com\/api\/wp\/v2\/comments?post=9649"}],"version-history":[{"count":1,"href":"https:\/\/tvsensor.com\/api\/wp\/v2\/posts\/9649\/revisions"}],"predecessor-version":[{"id":9651,"href":"https:\/\/tvsensor.com\/api\/wp\/v2\/posts\/9649\/revisions\/9651"}],"wp:featuredmedia":[{"embeddable":true,"href":"https:\/\/tvsensor.com\/api\/wp\/v2\/media\/9650"}],"wp:attachment":[{"href":"https:\/\/tvsensor.com\/api\/wp\/v2\/media?parent=9649"}],"wp:term":[{"taxonomy":"category","embeddable":true,"href":"https:\/\/tvsensor.com\/api\/wp\/v2\/categories?post=9649"},{"taxonomy":"post_tag","embeddable":true,"href":"https:\/\/tvsensor.com\/api\/wp\/v2\/tags?post=9649"}],"curies":[{"name":"wp","href":"https:\/\/api.w.org\/{rel}","templated":true}]}}