{"id":9636,"date":"2019-05-21T23:21:29","date_gmt":"2019-05-21T23:21:29","guid":{"rendered":"https:\/\/senzor.ba\/?p=9636"},"modified":"2024-01-15T21:47:41","modified_gmt":"2024-01-15T20:47:41","slug":"vremenska-prognoza-na-balkanu-ovog-ljeta-moguca-i-tornada","status":"publish","type":"post","link":"https:\/\/tvsensor.com\/clanak\/vremenska-prognoza-na-balkanu-ovog-ljeta-moguca-i-tornada\/","title":{"rendered":"Vremenska prognoza: Na Balkanu ovog ljeta mogu\u0107a i tornada"},"content":{"rendered":"<p>Ve\u0107em dijelu Evrope ovog ljeta prijete opasni toplotni talasi, dok jugoisto\u010dnu Evropu i Balkan o\u010dekuju jake oluje, objavio je meteorolo\u0161ki servis \u201eAccuWeather\u201c u svojoj velikoj prognozi za nadolaze\u0107e ljeto.<\/p>\n<p>\u201eDugoro\u010dna razdoblja su\u0161e poljoprivrednicima \u0107e uzrokovati probleme, a su\u0161no vrijeme o\u010dekuje se \u0161irom kontinenta\u201c, pi\u0161e u prognozi, prenosi Tanjug.<\/p>\n<p>Dok \u0107e ve\u0107i dio Evrope biti pod udarom su\u0161nog vremena i opasnih toplotnih talasa, ve\u0107em dijelu Balkana prijete u\u010destale jake grmljavinske oluje. To naro\u010dito va\u017ei za podru\u010dje Dalmacije, ali i ju\u017ene dijelove kopnene Hrvatske.<\/p>\n<p>\u201eIako dijelovi Balkana ne\u0107e biti imuni na toplinske valove, ekstremna vru\u0107ina bit \u0107e ograni\u010dena\u201c, pi\u0161e \u201eAccuWeather\u201c.<\/p>\n<p>Opasne oluje prijete podru\u010dju od Gr\u010dke do Srbije, Rumunije i Bugarske, ali i dijelovima Jadrana.<\/p>\n<h4>&#8216;Munje, poplave, orkanski vjetrovi i grad&#8217;<\/h4>\n<p>\u201eOve oluje \u0107e donijeti velik broj munja, buji\u010dne poplave, kao i orkanske vjetrove i grad\u201c, upozoravaju meteorolozi i dodaju da bi najja\u010de oluje mogle dovesti i do stvaranja tornada.<\/p>\n<p>Ovakve jake oluje o\u010dekuju se najvi\u0161e tokom poslepodnevnih i ve\u010dernjih sati.<\/p>\n<p>\u201eNajve\u0107u opasnost donijet \u0107e orkanski vjetrovi, grad i buji\u010dne poplave\u201c, zaklju\u010duje se u prognozi za Balkan.<\/p>\n<p>Ljeto \u0107e u Evropi svakako obilje\u017eiti dugotrajni toplotni talasi koji \u0107e zahvatiti podru\u010dja od Portugala i \u0160panije pa sve do Poljske i Ma\u0111arske. Vru\u0107ine \u0107e po\u010deti ve\u0107 u junu u \u0160paniji i Portugalu, a kasnije \u0107e se \u0161iriti na sjever i istok kontinenta.<\/p>\n","protected":false},"excerpt":{"rendered":"<p>Ve\u0107em dijelu Evrope ovog ljeta prijete opasni toplotni talasi, dok jugoisto\u010dnu Evropu i Balkan o\u010dekuju jake oluje, objavio je meteorolo\u0161ki servis \u201eAccuWeather\u201c u svojoj velikoj prognozi za nadolaze\u0107e ljeto. \u201eDugoro\u010dna razdoblja su\u0161e poljoprivrednicima \u0107e uzrokovati probleme, a su\u0161no vrijeme o\u010dekuje se \u0161irom kontinenta\u201c, pi\u0161e u prognozi, prenosi Tanjug. Dok \u0107e ve\u0107i dio Evrope biti pod [&hellip;]<\/p>\n","protected":false},"author":59,"featured_media":9640,"comment_status":"open","ping_status":"closed","sticky":false,"template":"","format":"standard","meta":{"inline_featured_image":false,"footnotes":""},"categories":[40],"tags":[],"class_list":{"0":"post-9636","1":"post","2":"type-post","3":"status-publish","4":"format-standard","5":"has-post-thumbnail","7":"category-region"},"acf":[],"_links":{"self":[{"href":"https:\/\/tvsensor.com\/api\/wp\/v2\/posts\/9636","targetHints":{"allow":["GET"]}}],"collection":[{"href":"https:\/\/tvsensor.com\/api\/wp\/v2\/posts"}],"about":[{"href":"https:\/\/tvsensor.com\/api\/wp\/v2\/types\/post"}],"author":[{"embeddable":true,"href":"https:\/\/tvsensor.com\/api\/wp\/v2\/users\/59"}],"replies":[{"embeddable":true,"href":"https:\/\/tvsensor.com\/api\/wp\/v2\/comments?post=9636"}],"version-history":[{"count":1,"href":"https:\/\/tvsensor.com\/api\/wp\/v2\/posts\/9636\/revisions"}],"predecessor-version":[{"id":9641,"href":"https:\/\/tvsensor.com\/api\/wp\/v2\/posts\/9636\/revisions\/9641"}],"wp:featuredmedia":[{"embeddable":true,"href":"https:\/\/tvsensor.com\/api\/wp\/v2\/media\/9640"}],"wp:attachment":[{"href":"https:\/\/tvsensor.com\/api\/wp\/v2\/media?parent=9636"}],"wp:term":[{"taxonomy":"category","embeddable":true,"href":"https:\/\/tvsensor.com\/api\/wp\/v2\/categories?post=9636"},{"taxonomy":"post_tag","embeddable":true,"href":"https:\/\/tvsensor.com\/api\/wp\/v2\/tags?post=9636"}],"curies":[{"name":"wp","href":"https:\/\/api.w.org\/{rel}","templated":true}]}}