{"id":9616,"date":"2019-05-21T12:02:01","date_gmt":"2019-05-21T12:02:01","guid":{"rendered":"https:\/\/senzor.ba\/?p=9616"},"modified":"2024-01-15T21:47:42","modified_gmt":"2024-01-15T20:47:42","slug":"muslimani-veceras-obiljezavaju-lejletul-bedr","status":"publish","type":"post","link":"https:\/\/tvsensor.com\/clanak\/muslimani-veceras-obiljezavaju-lejletul-bedr\/","title":{"rendered":"Muslimani ve\u010deras obilje\u017eavaju Lejletul-Bedr"},"content":{"rendered":"<p>Muslimani u Bosni i Hercegovini i svijetu prigodnim programom ve\u010deras obilje\u017eavaju Lejletul- Bedr &#8211; No\u0107 bitke na Bedru, koja je bila najzna\u010dajnija bitka u povijesti islama i muslimana, bitka u kojoj je malobrojna grupa\u00a0 porazila mnogobrojnu.<\/p>\n<p>Bitka na Bedru, (mjesto u blizini Medine) dogodila se 17.ramazana 2.godine po hid\u017eri, ili 17.marta 624.godine. Muslimana je bilo 314 a njihovih neprijatelja, idolopoklonika\u00a0je bilo 1.300.<\/p>\n<p>Iako broj\u010dano slabiji, muslimani su, predvo\u0111eni Muhammedom a.s. vojno porazili neprijatelje. Tada je poginulo 14 muslimana, a neprijatelja 70, ostali su zarobljeni.<\/p>\n<p>O toj pobjedi se u Kur'anu ka\u017ee \u201eKoliko je malih grupa pobijedilo velike grupe s Allahovom dozvolom. A Allah je sa strpljivima.\u201d (El-Bekare, 249)<\/p>\n<p>Zato se je bitka na Bedru inspiracija muslimanima i potvrda da broj\u010dani odnos snaga nije presudan, ve\u0107 iskrena vjera i to je znak da je snaga u jedinstvu muslimana.<\/p>\n<p>Bedr je sje\u0107anje na \u00a0pobjedu prije svega nad samim sobom, kako ka\u017ee islamski u\u010denjak Sejjid Kutb, ali do te pobjede ne mo\u017ee do\u0107i dok ne do\u0111e do pobjede ljudske du\u0161e i na planu stvarnog \u017eivota \u201e..kada se du\u0161a oslobodi od svojih \u017eelja i svojih strasti, prljav\u0161tina i svojih mr\u017enji, okova i lanaca, kada po\u017euri u okrilje Allahove milosti i oprosta, postaje oslobo\u0111ena svih tereta i om\u010di \u2013 dolazi do pobjede\u201c.<\/p>\n<p>U znak sje\u0107anja na bedranske borce u d\u017eamijama se u\u010di Bedrija i poimeni\u010dno se prozivaju svi borci Bedra, i hazreti Osman, koji je bio sprije\u010den te\u0161kom bole\u0161\u0107u svoje \u017eene, Poslanikove k\u0107eri, da sudjeluje u bici.<\/p>\n","protected":false},"excerpt":{"rendered":"<p>Muslimani u Bosni i Hercegovini i svijetu prigodnim programom ve\u010deras obilje\u017eavaju Lejletul- Bedr &#8211; No\u0107 bitke na Bedru, koja je bila najzna\u010dajnija bitka u povijesti islama i muslimana, bitka u kojoj je malobrojna grupa\u00a0 porazila mnogobrojnu. Bitka na Bedru, (mjesto u blizini Medine) dogodila se 17.ramazana 2.godine po hid\u017eri, ili 17.marta 624.godine. Muslimana je bilo [&hellip;]<\/p>\n","protected":false},"author":59,"featured_media":9617,"comment_status":"open","ping_status":"closed","sticky":false,"template":"","format":"standard","meta":{"inline_featured_image":false,"footnotes":""},"categories":[57],"tags":[],"class_list":{"0":"post-9616","1":"post","2":"type-post","3":"status-publish","4":"format-standard","5":"has-post-thumbnail","7":"category-religija"},"acf":[],"_links":{"self":[{"href":"https:\/\/tvsensor.com\/api\/wp\/v2\/posts\/9616","targetHints":{"allow":["GET"]}}],"collection":[{"href":"https:\/\/tvsensor.com\/api\/wp\/v2\/posts"}],"about":[{"href":"https:\/\/tvsensor.com\/api\/wp\/v2\/types\/post"}],"author":[{"embeddable":true,"href":"https:\/\/tvsensor.com\/api\/wp\/v2\/users\/59"}],"replies":[{"embeddable":true,"href":"https:\/\/tvsensor.com\/api\/wp\/v2\/comments?post=9616"}],"version-history":[{"count":1,"href":"https:\/\/tvsensor.com\/api\/wp\/v2\/posts\/9616\/revisions"}],"predecessor-version":[{"id":9619,"href":"https:\/\/tvsensor.com\/api\/wp\/v2\/posts\/9616\/revisions\/9619"}],"wp:featuredmedia":[{"embeddable":true,"href":"https:\/\/tvsensor.com\/api\/wp\/v2\/media\/9617"}],"wp:attachment":[{"href":"https:\/\/tvsensor.com\/api\/wp\/v2\/media?parent=9616"}],"wp:term":[{"taxonomy":"category","embeddable":true,"href":"https:\/\/tvsensor.com\/api\/wp\/v2\/categories?post=9616"},{"taxonomy":"post_tag","embeddable":true,"href":"https:\/\/tvsensor.com\/api\/wp\/v2\/tags?post=9616"}],"curies":[{"name":"wp","href":"https:\/\/api.w.org\/{rel}","templated":true}]}}