{"id":9597,"date":"2019-05-21T11:48:39","date_gmt":"2019-05-21T11:48:39","guid":{"rendered":"https:\/\/senzor.ba\/?p=9597"},"modified":"2024-01-15T21:47:42","modified_gmt":"2024-01-15T20:47:42","slug":"zbog-nedostatka-kvoruma-nije-odrzana-sjednica-vijeca-ministara-bih","status":"publish","type":"post","link":"https:\/\/tvsensor.com\/clanak\/zbog-nedostatka-kvoruma-nije-odrzana-sjednica-vijeca-ministara-bih\/","title":{"rendered":"Zbog nedostatka kvoruma nije odr\u017eana sjednica Vije\u0107a ministara BiH"},"content":{"rendered":"<p>Zamjenik predsjedavaju\u0107eg Vije\u0107a ministara BiH i ministar vanjske trgovine i ekonomskih odnosa BiH Mirko \u0160arovi\u0107 izjavio je novinarima danas u Sarajevu da se svako neodr\u017eavanje sjedice Vije\u0107a ministara BiH negativno odra\u017eava na ukupnu ekonomsku, politi\u010dku i svaku drugu sliku u BiH.<\/p>\n<p>On je informirao novinare da danas nisu imali kvorum za odr\u017eavanje sjednice Vije\u0107a ministara BiH, te da se ova sjednica odga\u0111a ve\u0107 tre\u0107i put na zahtjev, prije svega, ministara iz reda hrvatskog naroda.<\/p>\n<p>&#8211; Tako je bilo i danas. Predsjedavaju\u0107i, a i ja smo dobili pismenu obavijest od ministara i zamjenika predsjedavaju\u0107eg Vije\u0107a ministara BiH da danas ne\u0107e prisustvovati sjednici Vije\u0107a ministara BiH, izme\u0111u ostalog i zbog nezakazivanja u odgovaraju\u0107im rokovima, nekih proceduralnih pitanja, nedostavljanja odgovaraju\u0107ih materijala&#8230; &#8211; naveo je \u0160arovi\u0107.<\/p>\n<p>Kazao je kako ne mo\u017ee precizno re\u0107i je li to opstrukcija, a \u201evjerovatno \u0107emo znati za narednih sedam dana\u201c.<\/p>\n<p>&#8211; Smatram da je na\u0161a obaveza, u skladu sa Zakonom, da prisustvujemo sjednicama Vije\u0107a ministara, jer za to smo pla\u0107eni, to je na\u0161a obaveza, to od nas o\u010dekuju gra\u0111ani. Nije pitanje za nas formiranje novog saziva Vije\u0107a ministara, to je pitanje politi\u010dkih stranaka. Mi smo u mandatu, ali ne tehni\u010dkom, to zakon ne poznaje, nego u mandatu bez ograni\u010denja do onog momenta dok se ne uspostavi novi saziv Vije\u0107a ministara BiH \u2013 istaknuo je \u0160arovi\u0107.<\/p>\n<p>Ka\u017ee da je pred njima mnogo obaveza, mnogo stvari koje o\u010dekuju i gra\u0111ani, privreda i druge institucije u ovoj zemlji.<\/p>\n<p>Dodao je da \u0107e kod predsjedavaju\u0107eg insistirati na tome da na vrijeme obavijesti sve ministre u ovom sazivu za redovnu sjednicu sljede\u0107e sedmice, \u201eda se otklone odre\u0111ene proceduralne manjkavosti, ako ih ima, i da tada vidimo da li je na sceni eventualno ne\u0161to drugo\u201c.<\/p>\n<p>&#8211; To \u0107emo procijeniti. Ukoliko bude ne\u0161to drugo, ukoliko bude to potpuno jasno \u0161ta je na sceni, mi \u0107emo tra\u017eiti od predsjedavaju\u0107eg da se primjene zakonske mogu\u0107nosti koje nam zakon daje. To je da se obave klju\u010dne konsultacije i da obezbijedimo da Vije\u0107e ministara funkcioni\u0161e i da elimini\u0161emo bilo koju mogu\u0107nost eventualne namjerne opstrukcije rada Vije\u0107a ministara BiH \u2013 pojasnio je \u0160arovi\u0107.<\/p>\n<p>Naglasio je da se rad ovog saziva Vije\u0107a ministara ne mo\u017ee zasnivati na \u201etelefonskim sjednicama\u201c, na kojima se rje\u0161avaju neka manje va\u017ena pitanja.<\/p>\n<p>Po njegovim rije\u010dima, su\u0161tinska pitanja su za redovnu sjedicu.<\/p>\n<p>&#8211; Ve\u0107i imamo toliko materijala za najmanje dvije-tri sjednice, vi\u0161e od 60 novih ta\u010daka. Neke od njih su i finansijske prirode, obaveze koje se odnose na razvoj infrastrukture i neke druge obaveze BiH. Tako da svako neodr\u017eavanje sjednice Vije\u0107a ministara BiH negativno se odra\u017eava na ukupnu ekonomsku, politi\u010dku i svaku drugu sliku u BiH \u2013 smatra \u0160arovi\u0107.<\/p>\n<p>On ka\u017ee da postoje zakonske mogu\u0107nosti, te da je zakonodavac predvidio i ovakve mogu\u0107nosti \u201eznaju\u0107i kakvi smo mi i u kakvu situaciju mo\u017eemo dovesti cijelo dru\u0161tvo i da mo\u017eemo zloupotrijebiti institucije zarad nekih drugih ciljeva\u201c.<\/p>\n<p>&#8211; Postoje modeli, odnosno varijante u kojima predsjedavaju\u0107i vr\u0161i neophodne konsultacije da vidi da li se mo\u017ee posti\u0107i odgovaraju\u0107i konsenzus u vezi sa odr\u017eavanjem sjednice. Ukoliko se taj konsenzus ne postigne, onda postoje zaskonske i poslovni\u010dke mogu\u0107nosti da se omogu\u0107i rad Vije\u0107a ministara sve do onog momenta dok se ne izabere drugi, bez mogu\u0107nosti opstrukcije bilo koga u ovom personalnom sazivu &#8211; kazao je \u0160arovi\u0107.<\/p>\n<p>Istaknuo je da je njihova obaveza, te da zakon to propisuje, da rade do onog momenta dok se ne izbere novi saziv.<\/p>\n<p>&#8211; Ne postoji tehni\u010dki mandat. Postoji mandat u punom kapacitetu do izbora novog saziva Vije\u0107a ministara. To je odgovornost svakog od nas. Zbog toga primamo platu koja nije mala i koja je predmet kritika mnogih pa i novinara \u2013 naveo je ministar \u0160arovi\u0107.<\/p>\n","protected":false},"excerpt":{"rendered":"<p>Zamjenik predsjedavaju\u0107eg Vije\u0107a ministara BiH i ministar vanjske trgovine i ekonomskih odnosa BiH Mirko \u0160arovi\u0107 izjavio je novinarima danas u Sarajevu da se svako neodr\u017eavanje sjedice Vije\u0107a ministara BiH negativno odra\u017eava na ukupnu ekonomsku, politi\u010dku i svaku drugu sliku u BiH. On je informirao novinare da danas nisu imali kvorum za odr\u017eavanje sjednice Vije\u0107a ministara [&hellip;]<\/p>\n","protected":false},"author":59,"featured_media":9598,"comment_status":"open","ping_status":"closed","sticky":false,"template":"","format":"standard","meta":{"inline_featured_image":false,"footnotes":""},"categories":[38],"tags":[],"class_list":{"0":"post-9597","1":"post","2":"type-post","3":"status-publish","4":"format-standard","5":"has-post-thumbnail","7":"category-vijesti-iz-bih"},"acf":[],"_links":{"self":[{"href":"https:\/\/tvsensor.com\/api\/wp\/v2\/posts\/9597","targetHints":{"allow":["GET"]}}],"collection":[{"href":"https:\/\/tvsensor.com\/api\/wp\/v2\/posts"}],"about":[{"href":"https:\/\/tvsensor.com\/api\/wp\/v2\/types\/post"}],"author":[{"embeddable":true,"href":"https:\/\/tvsensor.com\/api\/wp\/v2\/users\/59"}],"replies":[{"embeddable":true,"href":"https:\/\/tvsensor.com\/api\/wp\/v2\/comments?post=9597"}],"version-history":[{"count":1,"href":"https:\/\/tvsensor.com\/api\/wp\/v2\/posts\/9597\/revisions"}],"predecessor-version":[{"id":9602,"href":"https:\/\/tvsensor.com\/api\/wp\/v2\/posts\/9597\/revisions\/9602"}],"wp:featuredmedia":[{"embeddable":true,"href":"https:\/\/tvsensor.com\/api\/wp\/v2\/media\/9598"}],"wp:attachment":[{"href":"https:\/\/tvsensor.com\/api\/wp\/v2\/media?parent=9597"}],"wp:term":[{"taxonomy":"category","embeddable":true,"href":"https:\/\/tvsensor.com\/api\/wp\/v2\/categories?post=9597"},{"taxonomy":"post_tag","embeddable":true,"href":"https:\/\/tvsensor.com\/api\/wp\/v2\/tags?post=9597"}],"curies":[{"name":"wp","href":"https:\/\/api.w.org\/{rel}","templated":true}]}}