{"id":8857,"date":"2019-05-09T09:20:42","date_gmt":"2019-05-09T09:20:42","guid":{"rendered":"https:\/\/senzor.ba\/?p=8857"},"modified":"2024-01-15T21:48:08","modified_gmt":"2024-01-15T20:48:08","slug":"safet-zec-prisustvujemo-obnovi-fasizma-i-nacizma","status":"publish","type":"post","link":"https:\/\/tvsensor.com\/clanak\/safet-zec-prisustvujemo-obnovi-fasizma-i-nacizma\/","title":{"rendered":"Safet Zec: Prisustvujemo obnovi fa\u0161izma i nacizma"},"content":{"rendered":"<p><img loading=\"lazy\" decoding=\"async\" width=\"241\" height=\"300\" class=\"alignnone size-medium wp-image-8858\" src=\"https:\/\/tvsensor.com\/wp-content\/uploads\/2019\/05\/36DC8D84-5DEE-4029-A18B-E7EA3F487102_w650_r0_s-241x300.jpg\" alt=\"\" srcset=\"https:\/\/tvsensor.com\/wp-content\/uploads\/2019\/05\/36DC8D84-5DEE-4029-A18B-E7EA3F487102_w650_r0_s-241x300.jpg 241w, https:\/\/tvsensor.com\/wp-content\/uploads\/2019\/05\/36DC8D84-5DEE-4029-A18B-E7EA3F487102_w650_r0_s.jpg 650w\" sizes=\"auto, (max-width: 241px) 100vw, 241px\" \/><\/p>\n<p><strong><em>RSE<\/em><\/strong><em>: Za\u0161to ste izabrali Bo\u0161ka i Admiru?<\/em><\/p>\n<p><strong>Zec<\/strong>: \u201eZagrljaji\u201c je zapravo prisutan od 1992. godine. Od moga egzila ja sam poku\u0161avao da pretvorim tu muku jugloslavensku, bosansku u metaforu \u201eZagrljaji\u201c. Naravno, ima to veze sa mojim likovnim preferencama. Ali zaista je to do unazad godinu bio impozantan opus koga sam, eto, imao \u017eelju da imenujem, jer dosada\u0161nji \u201eZagrljaji\u201c su bili depersonalizirani, zapravo vi\u0161e su bili ta igra ruku, vi\u0161e je to roditelj \u2013 dijete zapravo. Mene dira ta tragedija, ta personalna tragedija Admire i Bo\u0161ka i \u017eelio sam da, ako ni\u0161ta, da im posvetim tu izlo\u017ebu da na neki na\u010din zatvorim, da zavr\u0161im to, ako mi \u017eivot da, da nastavim sa drugim sadr\u017eajima, sa drugim ljubavima koje me jo\u0161 uvijek potresaju. To govorim likovno, naravno, \u017eelje su jedna konstanta.<\/p>\n<p>\u017delim zapravo, ne da ka\u017eem da sam umoran, ali \u017eelim da u\u0111em u nekakve vode ugodnijih i nekakvih artificijalnijih tema u kojima \u0107e moje majstorstvo do\u0107i do punog izra\u017eaja. Znate, \u010dovjek se napuni, ispuni\u2026 To je kapitalna posve\u0107enost ne\u010demu \u0161to sam nosio i \u0161to nosimo svi, prema tome, dug je obavljen na neki na\u010din, ako se tako mo\u017ee re\u0107i.<\/p>\n<p><em><strong>RSE<\/strong>: Bo\u0161ko i Admira su postali simbol tragedije, stradanja u Sarajevu. Imate li osje\u0107aj da stranci, koji nisu toliko upoznati sa svim tim, razumiju, da poma\u017eete da pribli\u017eavate da shvate ono \u0161to se de\u0161avalo?<\/em><\/p>\n<p><strong>Zec<\/strong>: To je za mene ne iznena\u0111enje, nego cijelo vrijeme i dan danas nakon skoro trideset godina konstatujemo i ja osje\u0107am da malo znaju, malo, jako te\u0161ko razumijevaju kontekst na\u0161e tragedije\u2026 Ne mogu to ni objasniti. Kada im ka\u017eem \u201emije\u0161ani\u201c Bo\u0161ko i Admira\u2026 \u201eMije\u0161ani\u201c je u\u017easna rije\u010d i za mene, ali \u0161to su morali umrijeti?<\/p>\n<p>\u010citavo to bi\u0107e koje je razoreno, ta bosanskohercegova\u010dka ili bosanska temeljna supstanca i ljepota je razarana, razdvajana\u2026 Prema tome, uspjeli su na\u017ealost da to razore. Valjda \u0107e neke generacije shvatiti i instinktima ljudskim se vratiti i imati to.<\/p>\n<p>Taj \u201eZagrljaj\u201c, kao i slu\u010daj Bo\u0161ka i Admire, personaliziran je simbol, ali trebamo znati da su hiljade na istoj toj matrici stradali. U samom Sarajevu ne mogu da razumiju kontekst u kome se vodila i opsada i poku\u0161aj da se grad uni\u0161ti. Uvijek ima smisla, odnosno nikad nije kasno i uvijek to treba. Mi prisustvujemo obnovi fa\u0161izma, obnovi nacizma, stra\u0161ne su stvari sa kojima danas mladi ponovo moraju da biju bitke.<\/p>\n<p><img loading=\"lazy\" decoding=\"async\" width=\"300\" height=\"300\" class=\"alignnone size-medium wp-image-8859\" src=\"https:\/\/tvsensor.com\/wp-content\/uploads\/2019\/05\/293C30D0-970F-4A66-973D-CC4906EA78F4_w650_r0_s-300x300.jpg\" alt=\"\" srcset=\"https:\/\/tvsensor.com\/wp-content\/uploads\/2019\/05\/293C30D0-970F-4A66-973D-CC4906EA78F4_w650_r0_s-300x300.jpg 300w, https:\/\/tvsensor.com\/wp-content\/uploads\/2019\/05\/293C30D0-970F-4A66-973D-CC4906EA78F4_w650_r0_s-150x150.jpg 150w, https:\/\/tvsensor.com\/wp-content\/uploads\/2019\/05\/293C30D0-970F-4A66-973D-CC4906EA78F4_w650_r0_s-75x75.jpg 75w, https:\/\/tvsensor.com\/wp-content\/uploads\/2019\/05\/293C30D0-970F-4A66-973D-CC4906EA78F4_w650_r0_s.jpg 650w\" sizes=\"auto, (max-width: 300px) 100vw, 300px\" \/><\/p>\n<p><em><strong>RSE<\/strong>: Ka\u017eete da ni u Sarajevu se ne razumije kontekst opsade. Vi kao umjetnik dajete svoj doprinos. Imate li osje\u0107aj da svi radimo onoliko koliko bismo trebali na razumijevanju i mo\u017eda prevenciji takvih pojava bilo gdje u svijetu?<\/em><\/p>\n<p><strong>Zec<\/strong>: Da, to nikad nije dovoljno. Znate i sami koliko napora treba, istine, jedni govore istinu, oni drugi opovrgavaju. \u010citav taj haos unutar nas, d\u017eaba sudovi internacionalni, d\u017eaba dokumenti, dokazi, hiljade i hiljade stranica dokumenata \u0161to ne\u0161to dokazuju. Na kraju krajeva, taj program, to spremljeno i pripremljeno razdvajanje, zapravo etni\u010dko \u010di\u0161\u0107enje teritorija da bi se one pripojile, to je stra\u0161an jedan projekat. Bosna nikako da stane na noge, da digne glavu\u2026<\/p>\n<p><em><strong>RSE<\/strong>: Nedavno je u Sarajevu potpisan memorandum za uspostavu galerije-ateljea koja nosi va\u0161e ime. Dali ste mnogo Bosni i Hercegovini, imate li osje\u0107aj da Vam je dovoljno uzvra\u0107eno?<\/em><\/p>\n<p><strong>Zec<\/strong>: Svojim i snagama svoje porodice sam ve\u0107 formirao kolekciju. Imam ogromno djelo, broj\u010dano, ne ulazim u to kako \u0107e ga ko suditi, ali zapravo je tu\u017eno da kod mene stoji sve naslagano, kao jedan magacin. To su hiljade jedinica. Smatram, ipak je moje djelo doseglo nekakav jezi\u010dki i slikarski nivo, \u0161teta je. Na sre\u0107u pojavljuju se inicijative. Imao sam za \u201eExodus\u201c na pro\u0161lom Venecijanskom bijenalu lijepe inicijative Venecijanaca koji smatraju da to treba da ostane tu, da treba negdje da izlo\u017ee itd. Dakle, moje djelo je ve\u0107 doseglo jednu internacionalu, bar evropsku slavu, znaju ga, prate.<\/p>\n<p>Naravno, uvijek bih \u017eelio da u Sarajevu imam to djelo jer je neraskidiva komponenta mojih slikarskih snova i opsesija i grada i zemlje iz koje sam do\u0161ao. Prema tome, ta inicijativa mladih ljudi i gradona\u010delnika Skake (Abdulah, gradona\u010delnik Sarajeva) i \u017eelja da interveniraju i da se postave djela, samo pro\u0161iruje moj legat. Lijepo je. Mi znamo da je razorena i ta materijalna baza zemlje i grada, prema tome, \u0161teta je \u0161to nema mogu\u0107nosti da se na umjetni\u010dkom planu da prostora. Ovo je jedan napor, jedna inicijativa i poku\u0161aj, zbog \u010dega mi je drago. Drago mi je da \u0107e desetine djela u Sarajevu na\u0107i svoje mjesto, \u0161to bi rekli smiraj.<\/p>\n<p><a href=\"https:\/\/www.slobodnaevropa.org\/a\/safet-zec-zagrljaji-bosko-i-admira\/29924775.html\">Izvor: RSE<\/a><\/p>\n","protected":false},"excerpt":{"rendered":"<p>RSE: Za\u0161to ste izabrali Bo\u0161ka i Admiru? Zec: \u201eZagrljaji\u201c je zapravo prisutan od 1992. godine. Od moga egzila ja sam poku\u0161avao da pretvorim tu muku jugloslavensku, bosansku u metaforu \u201eZagrljaji\u201c. Naravno, ima to veze sa mojim likovnim preferencama. Ali zaista je to do unazad godinu bio impozantan opus koga sam, eto, imao \u017eelju da imenujem, [&hellip;]<\/p>\n","protected":false},"author":7,"featured_media":8860,"comment_status":"open","ping_status":"closed","sticky":false,"template":"","format":"standard","meta":{"inline_featured_image":false,"footnotes":""},"categories":[46],"tags":[],"class_list":{"0":"post-8857","1":"post","2":"type-post","3":"status-publish","4":"format-standard","5":"has-post-thumbnail","7":"category-kultura"},"acf":[],"_links":{"self":[{"href":"https:\/\/tvsensor.com\/api\/wp\/v2\/posts\/8857","targetHints":{"allow":["GET"]}}],"collection":[{"href":"https:\/\/tvsensor.com\/api\/wp\/v2\/posts"}],"about":[{"href":"https:\/\/tvsensor.com\/api\/wp\/v2\/types\/post"}],"author":[{"embeddable":true,"href":"https:\/\/tvsensor.com\/api\/wp\/v2\/users\/7"}],"replies":[{"embeddable":true,"href":"https:\/\/tvsensor.com\/api\/wp\/v2\/comments?post=8857"}],"version-history":[{"count":1,"href":"https:\/\/tvsensor.com\/api\/wp\/v2\/posts\/8857\/revisions"}],"predecessor-version":[{"id":8861,"href":"https:\/\/tvsensor.com\/api\/wp\/v2\/posts\/8857\/revisions\/8861"}],"wp:featuredmedia":[{"embeddable":true,"href":"https:\/\/tvsensor.com\/api\/wp\/v2\/media\/8860"}],"wp:attachment":[{"href":"https:\/\/tvsensor.com\/api\/wp\/v2\/media?parent=8857"}],"wp:term":[{"taxonomy":"category","embeddable":true,"href":"https:\/\/tvsensor.com\/api\/wp\/v2\/categories?post=8857"},{"taxonomy":"post_tag","embeddable":true,"href":"https:\/\/tvsensor.com\/api\/wp\/v2\/tags?post=8857"}],"curies":[{"name":"wp","href":"https:\/\/api.w.org\/{rel}","templated":true}]}}