{"id":8852,"date":"2019-05-08T23:37:53","date_gmt":"2019-05-08T23:37:53","guid":{"rendered":"https:\/\/senzor.ba\/?p=8852"},"modified":"2024-01-15T21:48:08","modified_gmt":"2024-01-15T20:48:08","slug":"djevojcica-porijeklom-iz-bih-dobila-odgovor-od-premijerke-novog-zelanda","status":"publish","type":"post","link":"https:\/\/tvsensor.com\/clanak\/djevojcica-porijeklom-iz-bih-dobila-odgovor-od-premijerke-novog-zelanda\/","title":{"rendered":"Djevoj\u010dica porijeklom iz BiH dobila odgovor od premijerke Novog Zelanda"},"content":{"rendered":"<p>\u0160estogodi\u0161nja Lejla Sinanovi\u0107 iz Sidneya, \u010diji roditelji su porijeklom iz BiH uputila je emotivno pismo premijerki Novog Zelanda Jacindi Ardern povodom teroristi\u010dkog napada na muslimane u Christchurchu. Pismo djevoj\u010dice, ali i odgovor premijerke, objavljen je na Facebook stranici d\u017eamije u Penshurstu, predgra\u0111u Sidneya, a koja djeluje pri islamskoj zajednici BiH u Australiji, prenosi\u00a0<strong>Vecernji.ba.<\/strong><\/p>\n<div id='gallery-1' class='gallery galleryid-8852 gallery-columns-3 gallery-size-thumbnail'><figure class='gallery-item'>\n\t\t\t<div class='gallery-icon portrait'>\n\t\t\t\t<a href='https:\/\/tvsensor.com\/clanak\/djevojcica-porijeklom-iz-bih-dobila-odgovor-od-premijerke-novog-zelanda\/1-4\/'><img loading=\"lazy\" decoding=\"async\" width=\"150\" height=\"150\" src=\"https:\/\/tvsensor.com\/wp-content\/uploads\/2019\/05\/1-1-150x150.jpg\" class=\"attachment-thumbnail size-thumbnail\" alt=\"\" srcset=\"https:\/\/tvsensor.com\/wp-content\/uploads\/2019\/05\/1-1-150x150.jpg 150w, https:\/\/tvsensor.com\/wp-content\/uploads\/2019\/05\/1-1-75x75.jpg 75w\" sizes=\"auto, (max-width: 150px) 100vw, 150px\" \/><\/a>\n\t\t\t<\/div><\/figure><figure class='gallery-item'>\n\t\t\t<div class='gallery-icon portrait'>\n\t\t\t\t<a href='https:\/\/tvsensor.com\/clanak\/djevojcica-porijeklom-iz-bih-dobila-odgovor-od-premijerke-novog-zelanda\/2-4\/'><img loading=\"lazy\" decoding=\"async\" width=\"150\" height=\"150\" src=\"https:\/\/tvsensor.com\/wp-content\/uploads\/2019\/05\/2-150x150.jpg\" class=\"attachment-thumbnail size-thumbnail\" alt=\"\" srcset=\"https:\/\/tvsensor.com\/wp-content\/uploads\/2019\/05\/2-150x150.jpg 150w, https:\/\/tvsensor.com\/wp-content\/uploads\/2019\/05\/2-75x75.jpg 75w\" sizes=\"auto, (max-width: 150px) 100vw, 150px\" \/><\/a>\n\t\t\t<\/div><\/figure><figure class='gallery-item'>\n\t\t\t<div class='gallery-icon portrait'>\n\t\t\t\t<a href='https:\/\/tvsensor.com\/clanak\/djevojcica-porijeklom-iz-bih-dobila-odgovor-od-premijerke-novog-zelanda\/3-5\/'><img loading=\"lazy\" decoding=\"async\" width=\"150\" height=\"150\" src=\"https:\/\/tvsensor.com\/wp-content\/uploads\/2019\/05\/3-150x150.jpg\" class=\"attachment-thumbnail size-thumbnail\" alt=\"\" srcset=\"https:\/\/tvsensor.com\/wp-content\/uploads\/2019\/05\/3-150x150.jpg 150w, https:\/\/tvsensor.com\/wp-content\/uploads\/2019\/05\/3-75x75.jpg 75w\" sizes=\"auto, (max-width: 150px) 100vw, 150px\" \/><\/a>\n\t\t\t<\/div><\/figure>\n\t\t<\/div>\n\n<p>U pismu je ova djevoj\u010dica zahvalila premijerki na njezinoj podr\u0161ci muslimanskim obiteljima, \u010diji su najbli\u017ei stradali u napadima.<\/p>\n<p>&#8211; Hvala vam za va\u0161e zagrljaje, a ako bih vas ikad upoznala i ja bih zagrlila vas &#8211; napisala je u svom pismu Lejla, kazav\u0161i, izme\u0111u ostalog, da bi kad poraste \u017eeljela biti hrabra kao Ardern. Kazala je i da joj je kako ima divno srce i osmijeh, te da joj je posebno drago bilo vidjeti premijerku kako nosi hid\u017eab, jer i ona nosi hid\u017eab kada ide u d\u017eamiju.<\/p>\n<p>Uz pismo je ova djevoj\u010dica poslala i crte\u017e, a uskoro je stigao i odgovor premijerke. Ona se zahvalila djevoj\u010dici na pismu i crte\u017eu koji joj je, kako je navela, uljep\u0161ao ured.<\/p>\n<div class=\"article hasRelatedCard hasRelatedImg hasRelatedCardBody hasRelatedHeader\">\n<div class=\"card\">&#8211; Ka\u017ee\u0161 da se nada\u0161 da \u0107e\u0161 biti hrabra kao ja kada naraste\u0161, a ja ve\u0107 sad vidim da si ti jedna posebna djevoj\u010dica &#8211; napisala je Ardern u svom odgovoru Lejli.<\/div>\n<\/div>\n","protected":false},"excerpt":{"rendered":"<p>\u0160estogodi\u0161nja Lejla Sinanovi\u0107 iz Sidneya, \u010diji roditelji su porijeklom iz BiH uputila je emotivno pismo premijerki Novog Zelanda Jacindi Ardern povodom teroristi\u010dkog napada na muslimane u Christchurchu. Pismo djevoj\u010dice, ali i odgovor premijerke, objavljen je na Facebook stranici d\u017eamije u Penshurstu, predgra\u0111u Sidneya, a koja djeluje pri islamskoj zajednici BiH u Australiji, prenosi\u00a0Vecernji.ba. U pismu [&hellip;]<\/p>\n","protected":false},"author":59,"featured_media":8855,"comment_status":"open","ping_status":"closed","sticky":false,"template":"","format":"standard","meta":{"inline_featured_image":false,"footnotes":""},"categories":[39],"tags":[],"class_list":{"0":"post-8852","1":"post","2":"type-post","3":"status-publish","4":"format-standard","5":"has-post-thumbnail","7":"category-dijaspora"},"acf":[],"_links":{"self":[{"href":"https:\/\/tvsensor.com\/api\/wp\/v2\/posts\/8852","targetHints":{"allow":["GET"]}}],"collection":[{"href":"https:\/\/tvsensor.com\/api\/wp\/v2\/posts"}],"about":[{"href":"https:\/\/tvsensor.com\/api\/wp\/v2\/types\/post"}],"author":[{"embeddable":true,"href":"https:\/\/tvsensor.com\/api\/wp\/v2\/users\/59"}],"replies":[{"embeddable":true,"href":"https:\/\/tvsensor.com\/api\/wp\/v2\/comments?post=8852"}],"version-history":[{"count":1,"href":"https:\/\/tvsensor.com\/api\/wp\/v2\/posts\/8852\/revisions"}],"predecessor-version":[{"id":8856,"href":"https:\/\/tvsensor.com\/api\/wp\/v2\/posts\/8852\/revisions\/8856"}],"wp:featuredmedia":[{"embeddable":true,"href":"https:\/\/tvsensor.com\/api\/wp\/v2\/media\/8855"}],"wp:attachment":[{"href":"https:\/\/tvsensor.com\/api\/wp\/v2\/media?parent=8852"}],"wp:term":[{"taxonomy":"category","embeddable":true,"href":"https:\/\/tvsensor.com\/api\/wp\/v2\/categories?post=8852"},{"taxonomy":"post_tag","embeddable":true,"href":"https:\/\/tvsensor.com\/api\/wp\/v2\/tags?post=8852"}],"curies":[{"name":"wp","href":"https:\/\/api.w.org\/{rel}","templated":true}]}}