{"id":8840,"date":"2019-05-08T23:22:13","date_gmt":"2019-05-08T23:22:13","guid":{"rendered":"https:\/\/senzor.ba\/?p=8840"},"modified":"2024-01-15T21:48:09","modified_gmt":"2024-01-15T20:48:09","slug":"dodik-i-dzaferovic-u-tirani-poboljsati-saradnju-dvije-zemlje","status":"publish","type":"post","link":"https:\/\/tvsensor.com\/clanak\/dodik-i-dzaferovic-u-tirani-poboljsati-saradnju-dvije-zemlje\/","title":{"rendered":"Dodik i D\u017eaferovi\u0107 u Tirani: Pobolj\u0161ati saradnju dvije zemlje"},"content":{"rendered":"<p>Predsjedavaju\u0107i Predsjedni\u0161tva BiH\u00a0<strong>Milorad Dodik<\/strong>\u00a0i \u010dlan Predsjedni\u0161tva BiH\u00a0<strong>\u0160efik D\u017eaferovi\u0107<\/strong>\u00a0sastali su se u Tirani s doma\u0107inom ovogodi\u0161njeg susreta lidera Brdo &#8211; Brijuni procesa predsjednikom Republike Albanije\u00a0<strong>Ilirom Metom.<\/strong><\/p>\n<p>Sagovornici su se slo\u017eili da su ukupni odnosi izme\u0111u dvije zemlje dobri, bez otvorenih pitanja, te da postoji obostrana \u017eelja za njihovim unapre\u0111enjem.<\/p>\n<p>Otvaranje ambasade Bosne i Herecgovine u Albaniji, kao i ambasade Republike Albanije u Bosni i Hercegovini,\u00a0\u00a0<strong>dat \u0107e dodatni podstrek razvoju odnosa, naro\u010dito ekonomije i turizma, koji su danas bili u fokusu interesiranja<\/strong>.<\/p>\n<p>U tom kontekstu, iskazana je spremnost za\u00a0<strong>organizaciju poslovnih foruma izme\u0111u dvije zemlje<\/strong>. Uspostavljanje direktne aviolinije \u0107e sigurno doprinijeti razvoju odnosa, re\u010deno je na susretu.<\/p>\n<p>Sagovornici su se slo\u017eili da je potrebno intenzivirati saradnju i kroz regionalne projekte, kao \u0161to je izgradnja Jadransko-jonske autoceste. Na kraju susreta ponovljena je uzajamna podr\u0161ka na evropskom putu i iskazana opredijeljenost za nastavak regionalne saradnje, koja je u vrhu prioriteta vanjske politike obje zemlje, saop\u0107eno je iz Predsjedni\u0161tva BiH.<\/p>\n","protected":false},"excerpt":{"rendered":"<p>Predsjedavaju\u0107i Predsjedni\u0161tva BiH\u00a0Milorad Dodik\u00a0i \u010dlan Predsjedni\u0161tva BiH\u00a0\u0160efik D\u017eaferovi\u0107\u00a0sastali su se u Tirani s doma\u0107inom ovogodi\u0161njeg susreta lidera Brdo &#8211; Brijuni procesa predsjednikom Republike Albanije\u00a0Ilirom Metom. Sagovornici su se slo\u017eili da su ukupni odnosi izme\u0111u dvije zemlje dobri, bez otvorenih pitanja, te da postoji obostrana \u017eelja za njihovim unapre\u0111enjem. Otvaranje ambasade Bosne i Herecgovine u Albaniji, [&hellip;]<\/p>\n","protected":false},"author":59,"featured_media":8841,"comment_status":"open","ping_status":"closed","sticky":false,"template":"","format":"standard","meta":{"inline_featured_image":false,"footnotes":""},"categories":[40],"tags":[],"class_list":{"0":"post-8840","1":"post","2":"type-post","3":"status-publish","4":"format-standard","5":"has-post-thumbnail","7":"category-region"},"acf":[],"_links":{"self":[{"href":"https:\/\/tvsensor.com\/api\/wp\/v2\/posts\/8840","targetHints":{"allow":["GET"]}}],"collection":[{"href":"https:\/\/tvsensor.com\/api\/wp\/v2\/posts"}],"about":[{"href":"https:\/\/tvsensor.com\/api\/wp\/v2\/types\/post"}],"author":[{"embeddable":true,"href":"https:\/\/tvsensor.com\/api\/wp\/v2\/users\/59"}],"replies":[{"embeddable":true,"href":"https:\/\/tvsensor.com\/api\/wp\/v2\/comments?post=8840"}],"version-history":[{"count":1,"href":"https:\/\/tvsensor.com\/api\/wp\/v2\/posts\/8840\/revisions"}],"predecessor-version":[{"id":8842,"href":"https:\/\/tvsensor.com\/api\/wp\/v2\/posts\/8840\/revisions\/8842"}],"wp:featuredmedia":[{"embeddable":true,"href":"https:\/\/tvsensor.com\/api\/wp\/v2\/media\/8841"}],"wp:attachment":[{"href":"https:\/\/tvsensor.com\/api\/wp\/v2\/media?parent=8840"}],"wp:term":[{"taxonomy":"category","embeddable":true,"href":"https:\/\/tvsensor.com\/api\/wp\/v2\/categories?post=8840"},{"taxonomy":"post_tag","embeddable":true,"href":"https:\/\/tvsensor.com\/api\/wp\/v2\/tags?post=8840"}],"curies":[{"name":"wp","href":"https:\/\/api.w.org\/{rel}","templated":true}]}}