{"id":8837,"date":"2019-05-08T23:19:33","date_gmt":"2019-05-08T23:19:33","guid":{"rendered":"https:\/\/senzor.ba\/?p=8837"},"modified":"2024-01-15T21:48:09","modified_gmt":"2024-01-15T20:48:09","slug":"sad-za-aktivaciju-map-a-i-nato-put-bih-rusija-protiv-kina-neutralna","status":"publish","type":"post","link":"https:\/\/tvsensor.com\/clanak\/sad-za-aktivaciju-map-a-i-nato-put-bih-rusija-protiv-kina-neutralna\/","title":{"rendered":"SAD za aktivaciju MAP-a i NATO put BiH, Rusija protiv, Kina &#8220;neutralna&#8221;"},"content":{"rendered":"<p>Ve\u0107ina predstavnika zemalja \u010dlanica Vije\u0107a sigurnosti Ujedinjenih nacija (UN) su, nakon obra\u0107anja visokog predstavnika Valentina Inzka i predstavljanja 55. izvje\u0161taja o stanju provedbe mira u BiH, iskazali zajedni\u010dku zabrinutost zbog pojedinih postupaka politi\u010dkih predstavnika u BiH, \u0161to se naro\u010dito odnosilo na kr\u0161enje Dejtonskog mirovnog sporazuma, formiranje rezervnog policijskog sastava u entitetu RS, nepo\u0161tivanje vladavine prava te negiranje genocida i slavljenje osu\u0111enih ratnih zlo\u010dinaca.<\/p>\n<p>Predstavnik Kine je naglasio da njegova zemlja po\u0161tuje suverenitet i teritorijalni integritet BiH te pozdravlja uspje\u0161no organizirane Op\u0107e izbore, koji su odr\u017eani u oktobru 2018. godine. Tako\u0111er je pozvao politi\u010dke \u010delnike da \u0161to prije formiraju vlast kako bi zapo\u010deli sa provo\u0111enjem reformi.<\/p>\n<p>&#8211; BiH je va\u017ena zemlja na Balkanu. O\u010duvanje mira i stabilnosti, te osiguravanje dobrih odnosa me\u0111u narodima, su u interesu me\u0111unarodne zajednice i regiona. Me\u0111unarodna zajednica mora slu\u0161ati otvorenog uma stavove svih strana te zauzeti balansiran pristup \u2013 izjavio je predstavnik Kine.<\/p>\n<p>Kina je iskazala nadu da \u0107e EUFOR nastaviti osiguravati stabilnost i sigurnost u BiH.<\/p>\n<p>Predstavnik Ujedinjenog Kraljevstva Stephen Hickey je podsjetio da je nepo\u0161tivanje vladavine prava klju\u010dni izazov za BiH.<\/p>\n<p>&#8211; Vije\u0107e mora ostati veoma fokusirano na situaciju u Bosni te na podr\u0161ku OHR-u i visokom predstavniku, koji ostaje vrhovni tuma\u010d civilnog aspekta Mirovnog ugovora, a to uklju\u010duje na\u0161u podr\u0161ku kori\u0161tenju bonskih ovlasti, ukoliko to situacija zahtijeva \u2013 poru\u010dio je Hickey, naglasiv\u0161i da se podr\u0161ka odnosi i na nastavak mandata EUFOR-a, prenosi Faktor.<\/p>\n<p>Konstatirao je da vlast u BiH jo\u0161 uvijek nije formirana na svim nivoima te je pozvao politi\u010dke lidere da formiraju vlast kako bi po\u010deli sa provedbom reformi. Tako\u0111er je politi\u010dare pozvao da prekinu sa razdornom retorikom koja negativno utje\u010de na odnose me\u0111u narodima, ali i na mir i stabilnost u BiH.<\/p>\n<p>&#8211; Naro\u010dito je zabrinjavaju\u0107e da pojedini zvani\u010dnici koriste pozicije da podrivaju dr\u017eavne institucije te zastra\u0161uju gra\u0111ane \u2013 izjavio je predstavnik Ujedinjenog Kraljevstva.<\/p>\n<p>U tom je kontekstu izdvojio izmjene Zakona o policiji i unutra\u0161njim poslovima RS-a. Konstatirao je da Ujedinjeno Kraljevstvo podr\u017eava presudu Radovanu Karad\u017ei\u0107u, koja je, kako je kazao, va\u017ean rezultat me\u0111unarodne pravde koji \u0161alje sna\u017enu poruku.<\/p>\n<p>&#8211; Jednostavno je neprihvatljivo da politi\u010dki lideri i dijelovi dru\u0161tva nastavljaju negirati presude i genocid u Srebrenici, iako su ga potvrdila dva me\u0111unarodna suda \u2013 dodao je Hickey.<\/p>\n<p>Podr\u0161ku OHR-u, visokom predstavniku i kori\u0161tenju bonskih ovlasti dala je i predstavnica Poljske. Uvo\u0111enje rezervnog policijskog sastava u entitetu RS je ocijenila kao osnivanje entitetskih oru\u017eanih snaga. Govore\u0107i o izazovima sa kojima se BiH suo\u010dava, izdvojila je posljednje poku\u0161aje vlasti entiteta RS na, kako je kazala, revidiranju historije.<\/p>\n<p>&#8211; Stalni poku\u0161aji revidiranje historije su neprihvatljivi. Odluka RS-a da formira komisiju koja bi trebala ponovo otvoriti pitanje interpretacije doga\u0111aja u Srebrenici je posljednji takav primjer. Nema prostora za druga\u010diju interpretaciju \u2013 poru\u010dila je predstavnica Poljske.<\/p>\n<p>Predstavnica Francuske je konstatirala da trenutna situacija u BiH potvr\u0111uje da na\u0161a zemlja treba pa\u017enju Vije\u0107a sigurnosti. Podsjetila je da su francuski predsjednik Emmanuel Macron i njema\u010dka kancelarka Angela Merkel krajem aprila iskazali podr\u0161ku stabilnosti zapadnog Balkana.<\/p>\n<p>Kada su u pitanju izazovi sa kojima se na\u0161a zemlja suo\u010dava, izdvojila je negiranje presuda me\u0111unarodnih sudova za ratne zlo\u010dine po\u010dinjene u BiH.<\/p>\n<p>&#8211; Svaka inicijativa koja za cilj ima dovo\u0111enje u pitanje presuda MKSJ-a ili reinterpretiranje tih presuda, a naro\u010dito mislim na genocid u Srebrenici, ugro\u017eavaju koheziju u dr\u017eavi \u2013 kazala je predstavnica Francuske.<\/p>\n<p>Predstavnik SAD-a Jonathan Cohen je iskazao podr\u0161ku visokom predstavniku Valentinu Inzku i njegovom uredu u BiH.<\/p>\n<p>&#8211; Potvr\u0111ujemo da opcija kori\u0161tenja bonskih ovlasti ostaje legitimno pravo visokog predstavnika \u2013 poru\u010dio je Cohen.<\/p>\n<p>Vlasti u na\u0161oj zemlji je pozvao da \u0161to prije po\u010dnu sa provo\u0111enjem reformi. Kazao je da BiH ima nekoliko prilika pred sobom da ostvari svoje ciljeve i osna\u017ei svoje veze sa euroatlantskom zajednicom. U tom je kontekstu podsjetio na aktiviranje MAP-a za \u010dlanstvo u NATO-u.<\/p>\n<p>&#8211; Ohrabrujemo lidere da \u0161to prije iskoriste ove prednosti \u2013 dodao je Cohen.<\/p>\n<p>Pozive na ga\u0161enje OHR-a, smatra predstavnik SAD-a, dolaze od onih koji \u017eele destabilizaciju zemlje. Ponovio je da su SAD zabrinute zbog izazova vladavini prava u RS-u, ali i neodr\u017eavanja izbora u Mostaru od 2008. godine.<\/p>\n<p>&#8211; \u0160irenje saradnje, ja\u010danje vladavine prava, \u010dinjenje institucija funkcionalnijim te borbom protiv korupcije se prave klju\u010dni koraci ka osiguravanju svijetle budu\u0107nosti zemlje \u2013 poru\u010dio je Cohen.<\/p>\n<p>Kazao je da je za ga\u0161enje OHR-a potrebno ispunjavanje uvjeta iz &#8220;Programa 5+2&#8221;, ali da je ta faza jo\u0161 uvijek daleko za BiH.<\/p>\n<p>Christoph Heusgen, predstavnik Njema\u010dke u Vije\u0107u sigurnosti UN-a, je u uvodu svog obra\u0107anja kazao da &#8220;BiH nije mjesto koje smijemo ostaviti&#8221;. Inzku je poru\u010dio da ima jo\u0161 deset godina da zavr\u0161i ono \u0161to mu je posao.<\/p>\n<p>&#8211; Njema\u010dka ostaje privr\u017eena suverenitetu i teritorijalnom integritetu BiH i njenom evropskom putu \u2013 izjavio je Heusgen.<\/p>\n<p>Formiranje vlasti, vladavina prava, korupcija, socioekonomske reforme su izazovi koje je izdvojio, a postavio je pitanje i visokom predstavniku.<\/p>\n<p>&#8211; Moj kolega iz Ujedinjenog Kraljevstva vas je pitao \u0161ta jo\u0161 mo\u017eemo uraditi za pobolj\u0161anje situacije u BiH. Ja \u0107u to preformulirati i pitati: &#8220;\u0160ta vi mo\u017eete uraditi vi\u0161e?&#8221; \u2013 kazao je predstavnik Njema\u010dke te je u tom kontekstu spomenuo mogu\u0107nost kori\u0161tenja bonskih ovlasti.<\/p>\n<p>Predstavnik Rusije Dmitry Polanski je bio jedini koji je kritizirao sadr\u017eaj izvje\u0161taja visokog predstavnika, za kojeg je rekao da je daleko od onog \u0161to se de\u0161ava u BiH.<\/p>\n<p>&#8211; Ono \u0161to mi vidimo jeste da se poku\u0161ava opravdati nastavak me\u0111unarodnog protektorata u BiH, kako bi se pokazalo da jo\u0161 uvijek postoji potreba za postojanjem OHR-a \u2013 kazao je Polanski.<\/p>\n<p>Inzko se, dodaje, u izvje\u0161taju li\u010dno obra\u010dunavao sa liderima bosanskih Srba i Hrvata, krive\u0107i ih za sve pote\u0161ko\u0107e u BiH.<\/p>\n<p>&#8211; Na\u0161 dijalog sa liderima, uklju\u010duju\u0107i i sastanak predsjednika Putina sa predsjedavaju\u0107im Predsjedni\u0161tva Dodikom u Beogradu 17. januara ove godine, pokazuje suprotno. Pokazuje da su svi odgovorni srpski i hrvatski politi\u010dari privr\u017eeni provedbi Mirovnog sporazuma iz 1995. godine \u2013 poru\u010dio je Polanski.<\/p>\n<p>&#8220;Neki ljudi iz Sarajeva&#8221; su, kako je kazao, u posljednje vrijeme doveli u pitanje jednakost svih naroda u BiH, a to je &#8220;razlog ve\u0107ine problema u BiH&#8221;.<\/p>\n<p>&#8211; A Inzko to odbija priznati \u2013 dodao je.<\/p>\n<p>Spomenuo je najavljenu apelaciju Ustavnom sudu BiH o nazivu entiteta RS te je poru\u010dio da je potrebno reducirati sredstva i broj ljudi zaposlenih u OHR-u. Posebnu pa\u017enju je posvetio odnosu BiH i NATO-a.<\/p>\n<p>&#8211; Banja Luka je protiv \u010dlanstva u NATO-u jer ne mogu prihvatiti da granica izme\u0111u BiH i Srbije bude linija odvajanja. Niko ne mo\u017ee ignorirati tu \u010dinjenicu i svaki poku\u0161aj pribli\u017eavanja Sarajeva NATO-u, suprotno Dejtonskom mirovnom sporazumu, mo\u017ee naru\u0161iti rad na reformskim procesima te mo\u017ee voditi do destruktivnih posljedica \u2013 kazao je Polanski.<\/p>\n<p>Kritizirao je Inzkove komentare na ra\u010dun formiranja rezervnog sastava policije, \u0161to je, kako je kazao, reakcija na migrantsku krizu i mogu\u0107nost teroristi\u010dkih napada. Osvrnuo se i na kritike na ra\u010dun negiranja presuda me\u0111unarodnih sudova za ratne zlo\u010dine po\u010dinjene u BiH te formiranja komisija za Srebrenicu i Sarajevo.<\/p>\n<p>&#8211; Mislimo da to nije prihvatljiv pristup. \u017delimo naglasiti da su takve komisije rezultat o\u010diglednih \u0161upljina u presudama MKSJ-a i to je ne\u0161to zbog \u010dega smo iskazali zabrinutost u nekoliko navrata. Nadamo se da \u0107e eksperti iz 12 zemalja u tim komisijama biti u mogu\u0107nosti da stvore pravu sliku zlo\u010dina u Srebrenici i Sarajevu \u2013 izjavio je Polanski.<\/p>\n<p>Podsjetio je da Rusija u nekoliko navrata nije podr\u017eala stavove Upravnog odbora Vije\u0107a za provedbu mira (PIC), \u0161to se, smatra on, mora unijeti u izvje\u0161taje visokog predstavnika. Upravni odbor PIC-a, vjeruje, odluke treba donositi konsenzusom. Napomenuo je na izvje\u0161taj Vlade RS-a, koji, prema njegovom mi\u0161ljenju, popunjava brojne \u0161upljine u izvje\u0161taju visokog predstavnika. Polanski je iskazao uvjerenje da uloga me\u0111unarodne zajednice u BiH mora biti oslabljena, prenosi Faktor.<\/p>\n<p>&#8211; OHR i njegove bonske ovlasti su prepreka za demokratski razvoj zemlje. Ono \u0161to treba uraditi jeste umanjiti bud\u017eet i broj osoblja OHR-a \u2013 dodao je.<\/p>\n<p>Formiranje novog saziva Vije\u0107a ministara BiH je izdvojio kao prioritet za BiH, a naglasio je i potrebu uklanjanja stranih sudija iz Ustavnog suda BiH.<\/p>\n<p>&#8211; Kontraproduktivno je vr\u0161iti pritisak na RS i lidere bosanskih srba. To je ne\u0161to \u0161to je ra\u0111eno. Jednostrane akcije i negativna retorika su ne\u0161to \u0161to pogor\u0161ava atmosferu u zemlji \u2013 izjavio je Polanski.<\/p>\n","protected":false},"excerpt":{"rendered":"<p>Ve\u0107ina predstavnika zemalja \u010dlanica Vije\u0107a sigurnosti Ujedinjenih nacija (UN) su, nakon obra\u0107anja visokog predstavnika Valentina Inzka i predstavljanja 55. izvje\u0161taja o stanju provedbe mira u BiH, iskazali zajedni\u010dku zabrinutost zbog pojedinih postupaka politi\u010dkih predstavnika u BiH, \u0161to se naro\u010dito odnosilo na kr\u0161enje Dejtonskog mirovnog sporazuma, formiranje rezervnog policijskog sastava u entitetu RS, nepo\u0161tivanje vladavine prava [&hellip;]<\/p>\n","protected":false},"author":59,"featured_media":8838,"comment_status":"open","ping_status":"closed","sticky":false,"template":"","format":"standard","meta":{"inline_featured_image":false,"footnotes":""},"categories":[234],"tags":[],"class_list":{"0":"post-8837","1":"post","2":"type-post","3":"status-publish","4":"format-standard","5":"has-post-thumbnail","7":"category-politika"},"acf":[],"_links":{"self":[{"href":"https:\/\/tvsensor.com\/api\/wp\/v2\/posts\/8837","targetHints":{"allow":["GET"]}}],"collection":[{"href":"https:\/\/tvsensor.com\/api\/wp\/v2\/posts"}],"about":[{"href":"https:\/\/tvsensor.com\/api\/wp\/v2\/types\/post"}],"author":[{"embeddable":true,"href":"https:\/\/tvsensor.com\/api\/wp\/v2\/users\/59"}],"replies":[{"embeddable":true,"href":"https:\/\/tvsensor.com\/api\/wp\/v2\/comments?post=8837"}],"version-history":[{"count":1,"href":"https:\/\/tvsensor.com\/api\/wp\/v2\/posts\/8837\/revisions"}],"predecessor-version":[{"id":8839,"href":"https:\/\/tvsensor.com\/api\/wp\/v2\/posts\/8837\/revisions\/8839"}],"wp:featuredmedia":[{"embeddable":true,"href":"https:\/\/tvsensor.com\/api\/wp\/v2\/media\/8838"}],"wp:attachment":[{"href":"https:\/\/tvsensor.com\/api\/wp\/v2\/media?parent=8837"}],"wp:term":[{"taxonomy":"category","embeddable":true,"href":"https:\/\/tvsensor.com\/api\/wp\/v2\/categories?post=8837"},{"taxonomy":"post_tag","embeddable":true,"href":"https:\/\/tvsensor.com\/api\/wp\/v2\/tags?post=8837"}],"curies":[{"name":"wp","href":"https:\/\/api.w.org\/{rel}","templated":true}]}}