{"id":8834,"date":"2019-05-08T23:15:36","date_gmt":"2019-05-08T23:15:36","guid":{"rendered":"https:\/\/senzor.ba\/?p=8834"},"modified":"2024-01-15T21:48:09","modified_gmt":"2024-01-15T20:48:09","slug":"ambasadorica-poljske-u-un-u-demolirala-dodika-rs-osniva-oruzane-snage-genocid-u-srebrenici-se-ne-smije-drugacije-tumaciti","status":"publish","type":"post","link":"https:\/\/tvsensor.com\/clanak\/ambasadorica-poljske-u-un-u-demolirala-dodika-rs-osniva-oruzane-snage-genocid-u-srebrenici-se-ne-smije-drugacije-tumaciti\/","title":{"rendered":"Ambasadorica Poljske u UN-u demolirala Dodika: &#8220;RS osniva oru\u017eane snage, genocid u Srebrenici se ne smije druga\u010dije tuma\u010diti&#8221;"},"content":{"rendered":"<p>Joanna Wronecka, ambasadorica Poljske u UN-u ocijenila je uvo\u0111enje rezervnog policijskog sastava u entitetu RS kao osnivanje entitetskih oru\u017eanih snaga.<\/p>\n<p>Govore\u0107i o izazovima sa kojima se BiH suo\u010dava, izdvojila je posljednje poku\u0161aje vlasti entiteta RS na, kako je kazala, revidiranju historije.<\/p>\n<p>\u201cStalni poku\u0161aji revidiranje historije su neprihvatljivi\u201d, kazala je ambasadorica Wronecka.<\/p>\n<p>Odluka RS-a da formira komisiju koja bi trebala ponovo otvoriti pitanje interpretacije doga\u0111aja u Srebrenici je posljednji takav primjer, smatra ona.<\/p>\n<p>\u201cNema prostora za druga\u010diju interpretaciju\u201d, poru\u010dila je predstavnica Poljske.<\/p>\n","protected":false},"excerpt":{"rendered":"<p>Joanna Wronecka, ambasadorica Poljske u UN-u ocijenila je uvo\u0111enje rezervnog policijskog sastava u entitetu RS kao osnivanje entitetskih oru\u017eanih snaga. Govore\u0107i o izazovima sa kojima se BiH suo\u010dava, izdvojila je posljednje poku\u0161aje vlasti entiteta RS na, kako je kazala, revidiranju historije. \u201cStalni poku\u0161aji revidiranje historije su neprihvatljivi\u201d, kazala je ambasadorica Wronecka. Odluka RS-a da formira [&hellip;]<\/p>\n","protected":false},"author":59,"featured_media":8835,"comment_status":"open","ping_status":"closed","sticky":false,"template":"","format":"standard","meta":{"inline_featured_image":false,"footnotes":""},"categories":[234],"tags":[],"class_list":{"0":"post-8834","1":"post","2":"type-post","3":"status-publish","4":"format-standard","5":"has-post-thumbnail","7":"category-politika"},"acf":[],"_links":{"self":[{"href":"https:\/\/tvsensor.com\/api\/wp\/v2\/posts\/8834","targetHints":{"allow":["GET"]}}],"collection":[{"href":"https:\/\/tvsensor.com\/api\/wp\/v2\/posts"}],"about":[{"href":"https:\/\/tvsensor.com\/api\/wp\/v2\/types\/post"}],"author":[{"embeddable":true,"href":"https:\/\/tvsensor.com\/api\/wp\/v2\/users\/59"}],"replies":[{"embeddable":true,"href":"https:\/\/tvsensor.com\/api\/wp\/v2\/comments?post=8834"}],"version-history":[{"count":1,"href":"https:\/\/tvsensor.com\/api\/wp\/v2\/posts\/8834\/revisions"}],"predecessor-version":[{"id":8836,"href":"https:\/\/tvsensor.com\/api\/wp\/v2\/posts\/8834\/revisions\/8836"}],"wp:featuredmedia":[{"embeddable":true,"href":"https:\/\/tvsensor.com\/api\/wp\/v2\/media\/8835"}],"wp:attachment":[{"href":"https:\/\/tvsensor.com\/api\/wp\/v2\/media?parent=8834"}],"wp:term":[{"taxonomy":"category","embeddable":true,"href":"https:\/\/tvsensor.com\/api\/wp\/v2\/categories?post=8834"},{"taxonomy":"post_tag","embeddable":true,"href":"https:\/\/tvsensor.com\/api\/wp\/v2\/tags?post=8834"}],"curies":[{"name":"wp","href":"https:\/\/api.w.org\/{rel}","templated":true}]}}