{"id":8831,"date":"2019-05-08T23:09:56","date_gmt":"2019-05-08T23:09:56","guid":{"rendered":"https:\/\/senzor.ba\/?p=8831"},"modified":"2024-01-15T21:48:09","modified_gmt":"2024-01-15T20:48:09","slug":"valentin-inzko-u-vijecu-sigurnosti-un-a-unistio-dodika-konstantna-politika-secesije-potkopava-bih","status":"publish","type":"post","link":"https:\/\/tvsensor.com\/clanak\/valentin-inzko-u-vijecu-sigurnosti-un-a-unistio-dodika-konstantna-politika-secesije-potkopava-bih\/","title":{"rendered":"Valentin Inzko u Vije\u0107u sigurnosti UN-a uni\u0161tio Dodika: &#8220;Konstantna politika secesije potkopava BiH&#8221;"},"content":{"rendered":"<div class=\"main-article-text-wrapper\">\n<p>Obra\u0107anje visokog predstavnika prenosimo u cijelosti:<\/p>\n<p>Gospodine predsjedavaju\u0107i, po\u0161tovani \u010dlanovi Vije\u0107a,<\/p>\n<p>Prije no \u0161to po\u010dnem, dopustite da se prisjetim lorda Paddyja Ashdowna, koji je preminuo u decembru. Kao visoki predstavnik, lord Ashdown bio je na \u010delu me\u0111unarodne zajednice u Bosni i Hercegovini tokom izuzetno va\u017enog perioda, provode\u0107i klju\u010dne odredbe Op\u0107eg okvirnog sporazuma za mir te grade\u0107i i ja\u010daju\u0107i institucije od su\u0161tinske va\u017enosti za reintegraciju zemlje i njenih naroda.<\/p>\n<p>Ka\u017eu da je lord Ashdown za Bosnu i Hercegovinu rekao da je to \u201cmjesto koje ne mo\u017eete napustiti.\u201d<\/p>\n<p>I dokazao je da je uistinu tako. Do samog kraja \u017eivota, pa \u010dak i samo nekoliko dana pred sami kraj, lord Ashdown se glasno zalagao za interese ove zemlje i bio zagovornik multilateralizma u ovoj sve slo\u017eenijoj situaciji u svijetu.<\/p>\n<p>* * *<\/p>\n<p>Dame i gospodo,<\/p>\n<p>U novembru pro\u0161le godine izvijestio sam ovo vije\u0107e da su op\u0107i izbori koji su odr\u017eani 7. oktobra definirali politi\u010dka de\u0161avanja prethodnih mjeseci. Sada, sedam mjeseci nakon tih izbora, proces formiranja koalicija i imenovanja vlada i dalje dominira politi\u010dkim \u017eivotom u Bosni i Hercegovini.<\/p>\n<p>I dok su Republika Srpska i neki kantoni u Federaciji brzo formirali vlast, do sada, na\u017ealost, nije imenovano novo Vije\u0107e ministara na dr\u017eavnom nivou niti nova Vlada Federacije.<\/p>\n<p>Bez obzira na to, \u010dini se da su konkretni razgovori me\u0111u strankama o koaliciji na dr\u017eavnom nivou uznapredovali, \u0161to mi je potvr\u0111eno u kontaktima sa klju\u010dnim politi\u010dkim akterima prije mog dolaska ovamo.<\/p>\n<p>Me\u0111unarodna zajednica o\u010dekuje da se novo Vije\u0107e ministara \u0161to prije formira i fokusira na plan reformi koje su okrenute ka budu\u0107nosti.<\/p>\n<p>* * *<\/p>\n<p>U posljednjih \u0161est mjeseci i dalje je prisutan pozitivan konsenzus u cijelom politi\u010dkom spektru o potrebi dalje integracije Bosne i Hercegovine u Evropsku uniju.<\/p>\n<p>To se vidjelo i u februaru, kada je Vije\u0107e ministara finaliziralo dodatne odgovore na Upitnik Evropske komisije, i u martu kada je predsjedavaju\u0107i Predsjedni\u0161tva BiH Dodik li\u010dno predao te odgovore u Briselu. Kao \u0161to ve\u0107 znate, bilo je gotovo 4.000 pitanja.<\/p>\n<p>Bez obzira na ovaj pozitivni politi\u010dki korak, istovremeno imamo i nastavak destabiliziraju\u0107e retorike podjela, koja ponekad dolazi od istih onih lidera koji isti\u010du opredijeljenost zemlje za put u EU.<\/p>\n<p>Ta nedosljednost predstavlja ozbiljan izazov za BiH. Dok predsjedavaju\u0107i Dodik radi sa svojim kolegama \u010dlanovima Predsjedni\u0161tva na iznala\u017eenju dogovora o nizu va\u017enih pitanja, on istovremeno nastavlja da govori protiv dr\u017eavnosti Bosne i Hercegovine, da prijeti budu\u0107im otcjepljenjem Republike Srpske i da tvrdi da je Republika Srpska dr\u017eava, na primjer nedavno, kada je rekao: \u201c\u2026mi smo se ve\u0107 odvojili. Samo \u0161to to jo\u0161 nije progla\u0161eno.\u201d<\/p>\n<p>Tako\u0111er je izjavio da \u0107e, ukoliko Kosovo postane \u010dlanica Ujedinjenih naroda, Republika Srpska proglasiti nezavisnost. Kao ilustraciju njegovih namjera navest \u0107u da je on u nekoliko prilika pokazao kartu Srbije na kojoj su Srbiji priklju\u010dene Republika Srpska i dio Crne Gore koje na toj karti \u010dine jedinstvenu dr\u017eavu.<\/p>\n<p>Moja du\u017enost je da vas upozorim na mogu\u0107i razvoj situacije. Me\u0111utim, tako\u0111er bih pitao uva\u017eene \u010dlanove Vije\u0107a sigurnosti: kako biste vi reagirali da lokalni zvani\u010dnik u va\u0161oj zemlji daje tako eksplicitne izjave i progla\u0161ava dio va\u0161e zemlje nezavisnom dr\u017eavom?<\/p>\n<p>Secesionisti\u010dka retorika i dugogodi\u0161nja politika osporavanja dr\u017eave BiH su, na\u017ealost, tokom proteklih nekoliko godina postale konstanta. Stoga sam uvjeren da bismo se trebali odlu\u010dnije suprotstaviti ovim negativnim trendovima.<\/p>\n<p>Osim separatisti\u010dkih izjava nekih politi\u010dkih predstavnika iz Republike Srpske, glavne hrvatske stranke uporno odbijaju presude me\u0111unarodnih sudova koje se odnose na njihovo ratno rukovodstvo i nastoje revitalizirati strukture tada\u0161nje paradr\u017eave. Da budemo jasni, oni odbacuju presude me\u0111unarodnog suda, Ha\u0161kog tribunala, kojeg je formiralo upravo ovo tijelo, Vije\u0107e sigurnosti, svojom jednoglasnom odlukom 1993. godine.<\/p>\n<p>Tako\u0111er, po\u010detkom ove godine vode\u0107a bo\u0161nja\u010dka stranka najavila je namjeru da pokrene inicijativu da ospori ime Republike Srpske pred Ustavnim sudom BiH, \u0161to je, kako se moglo i predvidjeti, dovelo do daljnjih prijetnji otcjepljenjem.<\/p>\n<p>U tom kontekstu, \u017eelim da naglasim da se u Ustavu Bosne i Hercegovine definira da se dr\u017eava Bosna i Hercegovina sastoji od dva entiteta, Federacije Bosne i Hercegovine i Republike Srpske. Me\u0111unarodna zajednica ne odustaje od svoje opredijeljenosti za teritorijalni integritet i fundamentalnu strukturu BiH.<\/p>\n<p>Zahvalan sam Angeli Merkel i Emmanuelu Macronu za organizaciju nedavnog sastanka balkanskih lidera u Berlinu, \u010dime je potvr\u0111ena odlu\u010dnost me\u0111unarodne zajednice u ovom pogledu.<\/p>\n<p>Za razliku od izjava predsjedavaju\u0107eg Predsjedni\u0161tva BiH protiv dr\u017eavnosti Bosne i Hercegovine i u prilog nezavisnosti Republike Srpske, sa zadovoljstvom mogu konstatirati da srbijanski predsjednik Vu\u010di\u0107 i dalje govori da po\u0161tuje teritorijalni integritet i suverenitet Bosne i Hercegovine, \u0161to je nedavno rekao na otvaranju sajma u Mostaru, 9. aprila, a i nakon nedavno odr\u017eane konferencije u Berlinu.<\/p>\n<p>* * *<\/p>\n<p>Jo\u0161 jedno pitanje koje se nedavno pojavilo i koje je podiglo tenzije je mogu\u0107nost uspostave rezervnog sastava policije u entitetima. U aprilu je Narodna skup\u0161tina Republike Srpske krenula s procesom usvajanja zakona o uspostavi rezervnog sastava policije, \u010dija je namjena razli\u010dito obja\u0161njavana kao odgovor na izazove koje migracije donose za javnu sigurnost ili kao reakcija na prirodne katastrofe.<\/p>\n<p>Ovaj potez, koji neki tuma\u010de kao poku\u0161aj uvo\u0111enja alternativne vojne strukture, u Federaciji je izazvao ozbiljnu zabrinutost. Kao odgovor na to, nadle\u017ena parlamentarna komisija u Federaciji rekla je da \u0107e povu\u0107i isti potez.<\/p>\n<p>Ovo pitanje posmatrano je i u svjetlu ranije kontroverze oko nesrazmjerno velike nabavke oru\u017eja sa dugim cijevima za policiju RS. A nedavno je \u010dlan glavnog odbora vladaju\u0107e stranke u RS napisao da je rezervni sastav policije \u201czamjena za Vojsku Republike Srpske.\u201d<\/p>\n<p>Trenutni politi\u010dki diskurs vezan za rezervni sastav policije u entitetima, koji je po\u010deo jednostranim potezom koji je povukla RS, ne doprinosi miru i stabilnosti u Bosni i Hercegovini.<\/p>\n<p>Naprotiv, on je pokrenuo negativnu spiralu nepovjerenja i nezdravog nadmetanja. Ako bi trenutna dinamika dalje eskalirala, ona bi mogla stvoriti tenzije i voditi u podjele i tako destabilizirati zemlju.<\/p>\n<p>Bosni i Hercegovini treba manje oru\u017eja i ljudi u uniformama, a ne vi\u0161e. Moramo u\u010diniti sve \u0161to mo\u017eemo da sprije\u010dimo trku naoru\u017eavanja policijskih snaga.<\/p>\n<p>Umjesto toga, vlasti na svim nivoima treba da rade na boljoj saradnji kako bi javnu sigurnost podigli na najvi\u0161i nivo i obezbijedili sigurno okru\u017eenje za sve gra\u0111ane. Imigracija i politika u oblasti izbjeglica i azila su ustavna nadle\u017enost dr\u017eavnih institucija i njihove kapacitete treba oja\u010dati. To bi bio odgovaraju\u0107i primjer bolje saradnje i to sam jasno rekao u svojim izjavama.<\/p>\n<p>Imaju\u0107i na umu ne tako davnu pro\u0161lost ovog regiona, ovo su pitanja koja zaslu\u017euju kontinuiranu pa\u017enju Vije\u0107a.<\/p>\n<p>* * *<\/p>\n<p>Dame i gospodo,<\/p>\n<p>Sve \u0161to sam naveo doga\u0111a se u atmosferi u kojoj politi\u010dki lideri i dalje posebno izbjegavaju svoje obaveze prema vladavini prava, uporno nepo\u0161tuju\u0107i obavezuju\u0107e odluke dr\u017eavnog pravosu\u0111a.<\/p>\n<p>Ranije sam spominjao neprovedene odluke Ustavnog suda BiH u predmetu Ljubi\u0107 kao i u vezi sa izbornim sistemom u gradu Mostaru, \u0161to onemogu\u0107ava odr\u017eavanje lokalnih izbora u tom gradu jo\u0161 od 2008. godine.<\/p>\n<p>Skoro je nezamislivo da u jednom od najve\u0107ih gradova u zemlji koja \u017eeli da se priklju\u010di Evropskoj uniji i gradu koji \u017eeli biti kulturna prijestolnica Evrope, lokalni izbori nisu odr\u017eani vi\u0161e od deset godina!<\/p>\n<p>U Republici Srpskoj, organi vlasti jo\u0161 uvijek odbijaju ispo\u0161tovati presude Suda BiH i Ustavnog suda BiH u vezi s registracijom vojne imovine i 9. januarom \u2013 praznikom koji se proslavlja kao \u201cDan Republike Srpske\u201d. Uz to, organi vlasti u nekoliko kantona u Federaciji nisu poduzeli potrebne mjere da osiguraju ravnopravnost pripadnika srpskog naroda. U tim kantonima, Srbi ne postoje u kantonalnim ustavima, pa je Ustavni sud nalo\u017eio da se to mora izmijeniti.<\/p>\n<p>Tako\u0111er moram naglasiti da organi vlasti nisu proveli odluke Evropskog suda za ljudska prava u predmetu Sejdi\u0107-Finci i drugim sli\u010dnim predmetima, \u0161to za posljedicu ima daljnje postojanje sistema koji diskriminira zna\u010dajan broj gra\u0111ana jer im onemogu\u0107ava da ostvare svoje pravo da se kandidiraju za obavljanje javne funkcije. Oni mogu glasati, ali ne mogu biti birani.<\/p>\n<p>Od Daytona su pro\u0161le 24 godine, dok je od prve presude Evropskog suda za ljudska prava u vezi sa ovim pitanjem pro\u0161lo skoro 10 godina, a predstavnici manjinskih grupa jo\u0161 uvijek ne mogu biti kandidati za funkcije u dr\u017eavnom Predsjedni\u0161tvu i u Domu naroda.<\/p>\n<p>Za ovu grupu gra\u0111ana, jedan od najvrijednijih civilizacijskih principa, princip ravnopravnosti \u2013 \u00e9galit\u00e9, ne postoji ve\u0107 \u010detvrtinu stolje\u0107a. To je neprihvatljivo i organi vlasti moraju odmah reagirati da tu situaciju isprave.<\/p>\n<p>U kontekstu vladavine prava, moram vas tako\u0111er obavijestiti da smo nakon odluke o produ\u017eenju kazne Radovanu Karad\u017ei\u0107u opet imali negiranje genocida po\u010dinjenog u Srebrenici, iako su genocid potvrdila dva me\u0111unarodna suda od kojih je jedan Me\u0111unarodni krivi\u010dni sud za biv\u0161u Jugoslaviju (ICTY), sud koji je uspostavilo ovo tijelo.<\/p>\n<p>* * *<\/p>\n<p>Tokom proteklih \u0161est mjeseci vidjeli smo nastojanja da se ograni\u010de sloboda govora i protestiranja.<\/p>\n<p>U decembru su organi vlasti Republike Srpske prekinuli vi\u0161emjese\u010dne svakodnevne proteste u Banja Luci organizirane zbog, kako tvrde aktivisti, prikrivanja sumnjivih okolnosti vezanih za smrt jednog mladi\u0107a i sprije\u010dili poku\u0161aje organiziranja novih protesta.<\/p>\n<p>Budu\u0107i da su organi vlasti nastojali da izmijene odredbe o javnim okupljanjima i radu novinara, bilo je vi\u0161e istupa me\u0111unarodne zajednice i nevladinih organizacija koji su protestirali protiv mjera kojima bi se ograni\u010dila demokratska prava i slobode. U tom kontekstu, pozdravljam \u010dinjenicu da su organi vlasti RS poduzeli korake da razmisle o zabrinutoj reakciji kada je rije\u010d o Zakonu o javnom miru i redu i apeliram na daljnji dijalog o sli\u010dnim inicijativama.<\/p>\n<p>* * *<\/p>\n<p>Dame i gospodo,<\/p>\n<p>Moja dana\u0161nja namjera je da ilustriram da Bosni i Hercegovini jo\u0161 uvijek treba pa\u017enja i jedinstven pristup me\u0111unarodne zajednice.<\/p>\n<p>Mi smo dugo vremena uzimali zdravo za gotovo veliki napredak koji je ova zemlja postigla od 1995. godine, kao i to da je taj napredak nemogu\u0107e poni\u0161titi. Ali, va\u017eno je prepoznati da stvari idu unatrag kada do toga do\u0111e i priznati da na\u0161a misija jo\u0161 nije zavr\u0161ena.<\/p>\n<p>Moj ured, OHR, postoji u BiH da osigura da se po\u0161tuje Daytonski mirovni sporazum, uklju\u010duju\u0107i i Ustav BiH, i da se su\u0161tinske reforme koje su provedene u implementaciji Daytona ne samo odr\u017eavaju nego i dovedu do kraja. Ova funkcionalnost je logi\u010dan preduslov da ova zemlja prihvati izazove koji su pred njom, uklju\u010duju\u0107i i te\u017enje za \u010dlanstvo u EU, \u0161to podr\u017eavaju sve ve\u0107e politi\u010dke stranke.<\/p>\n<p>\u0160to se mene ti\u010de, i dalje se fokusiram na izvr\u0161avanje svoga mandata u skladu sa Aneksom 10 Mirovnog sporazuma i odgovaraju\u0107im rezolucijama Vije\u0107a sigurnosti UN-a. Izuzetno je zna\u010dajno da se insistira na tome da organi vlasti budu i dalje fokusirani na puno po\u0161tivanje Sporazuma, ina\u010de dolazimo u opasnost da ohrabrimo dalje poni\u0161tavanje reformi.<\/p>\n<p>Istovremeno, ja ne mogu upravljati zemljom u ime izabranih lidera Bosne i Hercegovine. Jedino oni mogu poduzimati korake koji su potrebni da ova zemlja krene naprijed.<\/p>\n<p>Dakle, pozivam politi\u010dke lidere u Bosni i Hercegovini da poduzmu iskrene napore u prevazila\u017eenju me\u0111usobnih razlika, da kona\u010dno formiraju izvr\u0161ne organe na dr\u017eavnom nivou i na nivou Federacije i da rade s organima Republike Srpske i s kantonalnim organima vlasti kako bi u potpunosti implementirali Daytonski mirovni sporazum.<\/p>\n<p>Pored toga, istinski molim lidere da odbace retoriku koja unosi destabilizaciju i podjele i koja je ukorijenjena u pro\u0161losti, te da naprave veliki iskorak i ovu zemlju povedu dalje na putu ka EU, u interesu svih gra\u0111ana koje predstavljaju.<\/p>\n<p>Od naro\u010ditog je zna\u010daja uspostaviti pozitivno socijalno-ekonomsko okru\u017eenje i osigurati vladavinu prava kako bi se zaustavio egzodus talentiranih mladih ljudi, najva\u017enijeg prirodnog resursa ove zemlje.<\/p>\n<p>Po\u0161tovani \u010dlanovi Vije\u0107a sigurnosti,<\/p>\n<p>Gra\u0111ani bosanskohercegova\u010dkog porijekla sada su \u010dlanovi Parlamenta Austrije, Gornjeg doma Britanskog parlamenta i zakonodavnih organa najmanje jedne savezne dr\u017eave SAD-a. Izvanredni mladi ljudi poput njih koji su ostali u BiH nada su za promjene i budu\u0107nost u BiH.<\/p>\n<p>Zbog toga zavr\u0161avam ovo obra\u0107anje optimisti\u010dnim tonom i citatom lorda Ashdowna koji sam naveo na po\u010detku: Bosna i Hercegovina je mjesto koje ne mo\u017eemo napustiti.<\/p>\n<p>Hvala.<\/p>\n<\/div>\n<div id=\"intext_1\" class=\"banner-billboard\"><\/div>\n<div class=\"fb-comments fb_iframe_widget fb_iframe_widget_fluid_desktop\"><\/div>\n","protected":false},"excerpt":{"rendered":"<p>Obra\u0107anje visokog predstavnika prenosimo u cijelosti: Gospodine predsjedavaju\u0107i, po\u0161tovani \u010dlanovi Vije\u0107a, Prije no \u0161to po\u010dnem, dopustite da se prisjetim lorda Paddyja Ashdowna, koji je preminuo u decembru. Kao visoki predstavnik, lord Ashdown bio je na \u010delu me\u0111unarodne zajednice u Bosni i Hercegovini tokom izuzetno va\u017enog perioda, provode\u0107i klju\u010dne odredbe Op\u0107eg okvirnog sporazuma za mir te [&hellip;]<\/p>\n","protected":false},"author":59,"featured_media":8832,"comment_status":"open","ping_status":"closed","sticky":false,"template":"","format":"standard","meta":{"inline_featured_image":false,"footnotes":""},"categories":[284,234],"tags":[],"class_list":{"0":"post-8831","1":"post","2":"type-post","3":"status-publish","4":"format-standard","5":"has-post-thumbnail","7":"category-izdvojeno","8":"category-politika"},"acf":[],"_links":{"self":[{"href":"https:\/\/tvsensor.com\/api\/wp\/v2\/posts\/8831","targetHints":{"allow":["GET"]}}],"collection":[{"href":"https:\/\/tvsensor.com\/api\/wp\/v2\/posts"}],"about":[{"href":"https:\/\/tvsensor.com\/api\/wp\/v2\/types\/post"}],"author":[{"embeddable":true,"href":"https:\/\/tvsensor.com\/api\/wp\/v2\/users\/59"}],"replies":[{"embeddable":true,"href":"https:\/\/tvsensor.com\/api\/wp\/v2\/comments?post=8831"}],"version-history":[{"count":1,"href":"https:\/\/tvsensor.com\/api\/wp\/v2\/posts\/8831\/revisions"}],"predecessor-version":[{"id":8833,"href":"https:\/\/tvsensor.com\/api\/wp\/v2\/posts\/8831\/revisions\/8833"}],"wp:featuredmedia":[{"embeddable":true,"href":"https:\/\/tvsensor.com\/api\/wp\/v2\/media\/8832"}],"wp:attachment":[{"href":"https:\/\/tvsensor.com\/api\/wp\/v2\/media?parent=8831"}],"wp:term":[{"taxonomy":"category","embeddable":true,"href":"https:\/\/tvsensor.com\/api\/wp\/v2\/categories?post=8831"},{"taxonomy":"post_tag","embeddable":true,"href":"https:\/\/tvsensor.com\/api\/wp\/v2\/tags?post=8831"}],"curies":[{"name":"wp","href":"https:\/\/api.w.org\/{rel}","templated":true}]}}