{"id":8814,"date":"2019-05-08T22:53:44","date_gmt":"2019-05-08T22:53:44","guid":{"rendered":"https:\/\/senzor.ba\/?p=8814"},"modified":"2024-01-15T21:48:10","modified_gmt":"2024-01-15T20:48:10","slug":"focanka-vratila-kuran-iz-srusene-aladze","status":"publish","type":"post","link":"https:\/\/tvsensor.com\/clanak\/focanka-vratila-kuran-iz-srusene-aladze\/","title":{"rendered":"Fo\u010danka vratila Kur'an iz sru\u0161ene Alad\u017ee"},"content":{"rendered":"<p><b>Dok pokazuje primjerak Kur'ana, na kojem se jo\u0161 vide tragovi zemlje na koju je ba\u010den, Gora\u017edanin Mensur Kadri\u0107 ne mo\u017ee sakriti emocije s kojima se ve\u0107 danima bori.\u00a0<\/b><\/p>\n<p>Ni sam ne mo\u017ee vjerovati da u rukama dr\u017ei svetu knjigu koja je nekad pripadala d\u017eematu Alad\u017ea d\u017eamije, a jo\u0161 vi\u0161e je ganut gestom dobre Fo\u010danke koja je Kur'an \u010duvala 27 godina u svom domu, da bi ga vratila obnovljenoj fo\u010danskoj ljepotici.<\/p>\n<p><b>Zamotan u pe\u0161kir\u00a0<\/b><\/p>\n<p><i>&#8211; Evo, tri dana ne dolazim sebi. Imam neki drhtaj u sebi, \u017eelju da \u0161to prije odem, popri\u010dam s fo\u010danskim imamom D\u017eenanom ef. Kraji\u0161nikom. Oti\u0107i \u0107u u petak na d\u017eumu i osje\u0107am da \u0107e i meni tada biti lak\u0161e &#8211; ka\u017ee Kadri\u0107.\u00a0<\/i><\/p>\n<p>Fo\u010danka, koja zbog sigurnosti nije \u017eeljela odati identitet, u trgovinu \u2018Gradac\u2019 u D\u017eindi\u0107ima, izme\u0111u Fo\u010de i Gora\u017eda, u\u0161la je dan nakon otvaranja Alad\u017ee. Razgledala je po policama, kupila neku sitnicu, diskretno \u010dekaju\u0107i da trgovac ostane sam za pultom.<\/p>\n<p><i>&#8211; Pitala me je jesam li vjernik. Odgovorio sam da jesam. Rekla je da je do\u0161la iz Fo\u010de kako bi nekome od vjernika vratila Kur'an. Prona\u0161la ga je nakon miniranja Alad\u017ee, pored ceste u travi, a po\u0161to je odrasla s muslimanima, znala je da se radi o svetoj knjizi. O\u010distila ga je od zemlje, zamotala u pe\u0161kir i krila i od supruga i porodice. \u017divjela je s tim godinama. Kada je bilo otvorenje Alad\u017ea d\u017eamije, \u010dula je ezan i to ju je ponukalo da do\u0111e u Gora\u017ede &#8211; pri\u010da\u00a0Kadri\u0107, prenosi\u00a0<a href=\"https:\/\/avaz.ba\/vijesti\/bih\/483345\/focanka-vratila-kur-an-iz-srusene-aladze\" target=\"_blank\" rel=\"noopener\">Avaz<\/a>.\u00a0<\/i><\/p>\n<p><b>Put u Fo\u010du\u00a0<\/b><\/p>\n<p>Dobra Fo\u010danka nije htjela nikakvu nagradu za svoj gest.<\/p>\n<p><i>&#8211; Rekao sam joj da je d\u017eenetlija, a ona je odgovorila da joj je to bila du\u017enost i da nije mogla dopustiti da Knjigu narod gazi po ulici. Poslije sam razgovarao s imamom iz Gora\u017eda i on mi je rekao da me ova gospo\u0111a sada zadu\u017eila, da bi bilo dobro da odem u Fo\u010du i Kur'an vratim Alad\u017ea d\u017eamiji. Nakon toliko godina neka ga tamo gdje je i bio i neka narod pri\u010da da ima ljudi i ove i one vjere, da ljudi i neljudi ima i tamo i ovamo \u2013 isti\u010de Kadri\u0107.\u00a0<\/i><\/p>\n<p><b>\u2018\u017dali Bo\u017ee ljudi kojih vi\u0161e nema\u2019\u00a0<\/b><\/p>\n<p>Fo\u010danka, koja je donijela Knjigu Mensuru, nije \u017eeljela otkriti ime.<\/p>\n<p><i>&#8211; Odbila je i bilo kakvu naknadu, samo me zamolila da, kada se budem molio Bogu, to u\u010dinim i za nju. Dodala je: \u2018\u017dali Bo\u017ee ljudi kojih vi\u0161e nema\u2019 \u2013 ka\u017ee Mensur.\u00a0<\/i><\/p>\n","protected":false},"excerpt":{"rendered":"<p>Dok pokazuje primjerak Kur'ana, na kojem se jo\u0161 vide tragovi zemlje na koju je ba\u010den, Gora\u017edanin Mensur Kadri\u0107 ne mo\u017ee sakriti emocije s kojima se ve\u0107 danima bori.\u00a0 Ni sam ne mo\u017ee vjerovati da u rukama dr\u017ei svetu knjigu koja je nekad pripadala d\u017eematu Alad\u017ea d\u017eamije, a jo\u0161 vi\u0161e je ganut gestom dobre Fo\u010danke koja [&hellip;]<\/p>\n","protected":false},"author":59,"featured_media":8816,"comment_status":"open","ping_status":"closed","sticky":false,"template":"","format":"standard","meta":{"inline_featured_image":false,"footnotes":""},"categories":[57],"tags":[],"class_list":{"0":"post-8814","1":"post","2":"type-post","3":"status-publish","4":"format-standard","5":"has-post-thumbnail","7":"category-religija"},"acf":[],"_links":{"self":[{"href":"https:\/\/tvsensor.com\/api\/wp\/v2\/posts\/8814","targetHints":{"allow":["GET"]}}],"collection":[{"href":"https:\/\/tvsensor.com\/api\/wp\/v2\/posts"}],"about":[{"href":"https:\/\/tvsensor.com\/api\/wp\/v2\/types\/post"}],"author":[{"embeddable":true,"href":"https:\/\/tvsensor.com\/api\/wp\/v2\/users\/59"}],"replies":[{"embeddable":true,"href":"https:\/\/tvsensor.com\/api\/wp\/v2\/comments?post=8814"}],"version-history":[{"count":2,"href":"https:\/\/tvsensor.com\/api\/wp\/v2\/posts\/8814\/revisions"}],"predecessor-version":[{"id":35650,"href":"https:\/\/tvsensor.com\/api\/wp\/v2\/posts\/8814\/revisions\/35650"}],"wp:featuredmedia":[{"embeddable":true,"href":"https:\/\/tvsensor.com\/api\/wp\/v2\/media\/8816"}],"wp:attachment":[{"href":"https:\/\/tvsensor.com\/api\/wp\/v2\/media?parent=8814"}],"wp:term":[{"taxonomy":"category","embeddable":true,"href":"https:\/\/tvsensor.com\/api\/wp\/v2\/categories?post=8814"},{"taxonomy":"post_tag","embeddable":true,"href":"https:\/\/tvsensor.com\/api\/wp\/v2\/tags?post=8814"}],"curies":[{"name":"wp","href":"https:\/\/api.w.org\/{rel}","templated":true}]}}