{"id":8747,"date":"2019-05-08T12:43:08","date_gmt":"2019-05-08T12:43:08","guid":{"rendered":"https:\/\/senzor.ba\/?p=8747"},"modified":"2024-01-15T21:48:10","modified_gmt":"2024-01-15T20:48:10","slug":"dodik-9-maj-najsvjetliji-datum-u-historiji-covjecanstva","status":"publish","type":"post","link":"https:\/\/tvsensor.com\/clanak\/dodik-9-maj-najsvjetliji-datum-u-historiji-covjecanstva\/","title":{"rendered":"Dodik: 9. maj najsvjetliji datum u historiji \u010dovje\u010danstva"},"content":{"rendered":"<p>Dodik je naglasio da je Dan pobjede nad fa\u0161izmom jedan od najzna\u010dajnijih i najsvjetlijih datuma u istoriji \u010dovje\u010danstva, kada je slomljena ki\u010dma fa\u0161izmu i nacizmu, najve\u0107im ideolo\u0161kim prijetnjama koje su se pojavile u novijoj istoriji.<br \/>\n&#8220;Drugi svjetski rat je najmra\u010dniji period u historiji \u010dovje\u010danstva, u kojem je \u017eivote izgubilo vi\u0161e od 50 miliona ljudi. Obilje\u017eavaju\u0107i Dan pobjede odajemo po\u010dast svim \u017ertvama antifa\u0161isti\u010dke borbe koji su svoje \u017eivote utkali u stvaranje boljeg, pravednijeg i tolerantnijeg \u010dovje\u010danstva i podsje\u0107aju nas na veliko zlo koje je zadesilo cijeli svijet&#8221;, isti\u010de se \u010destitki.<br \/>\nDodik je poru\u010dio da je 9. maj jedan od najzna\u010dajnijih praznika koji se obilje\u017eava u svim zemljama Evrope kada se proslavlja antifa\u0161izam &#8211; humanisti\u010dka ideja za mir, slobodu i uva\u017eavanje, a protiv zla, nepravde i mr\u017enje, saop\u0161teno je iz kabineta predsjedavaju\u0107eg i srpskog \u010dlana Predsjedni\u0161tva BiH.<br \/>\nDan pobjede nad fa\u0161izmom &#8211; 9. maj je dan kada je nacisti\u010dka Njema\u010dka kapitulirala u Drugom svjetskom ratu.<\/p>\n","protected":false},"excerpt":{"rendered":"<p>Dodik je naglasio da je Dan pobjede nad fa\u0161izmom jedan od najzna\u010dajnijih i najsvjetlijih datuma u istoriji \u010dovje\u010danstva, kada je slomljena ki\u010dma fa\u0161izmu i nacizmu, najve\u0107im ideolo\u0161kim prijetnjama koje su se pojavile u novijoj istoriji. &#8220;Drugi svjetski rat je najmra\u010dniji period u historiji \u010dovje\u010danstva, u kojem je \u017eivote izgubilo vi\u0161e od 50 miliona ljudi. Obilje\u017eavaju\u0107i [&hellip;]<\/p>\n","protected":false},"author":4,"featured_media":8748,"comment_status":"open","ping_status":"closed","sticky":false,"template":"","format":"standard","meta":{"inline_featured_image":false,"footnotes":""},"categories":[37],"tags":[],"class_list":{"0":"post-8747","1":"post","2":"type-post","3":"status-publish","4":"format-standard","5":"has-post-thumbnail","7":"category-vijesti"},"acf":[],"_links":{"self":[{"href":"https:\/\/tvsensor.com\/api\/wp\/v2\/posts\/8747","targetHints":{"allow":["GET"]}}],"collection":[{"href":"https:\/\/tvsensor.com\/api\/wp\/v2\/posts"}],"about":[{"href":"https:\/\/tvsensor.com\/api\/wp\/v2\/types\/post"}],"author":[{"embeddable":true,"href":"https:\/\/tvsensor.com\/api\/wp\/v2\/users\/4"}],"replies":[{"embeddable":true,"href":"https:\/\/tvsensor.com\/api\/wp\/v2\/comments?post=8747"}],"version-history":[{"count":1,"href":"https:\/\/tvsensor.com\/api\/wp\/v2\/posts\/8747\/revisions"}],"predecessor-version":[{"id":8749,"href":"https:\/\/tvsensor.com\/api\/wp\/v2\/posts\/8747\/revisions\/8749"}],"wp:featuredmedia":[{"embeddable":true,"href":"https:\/\/tvsensor.com\/api\/wp\/v2\/media\/8748"}],"wp:attachment":[{"href":"https:\/\/tvsensor.com\/api\/wp\/v2\/media?parent=8747"}],"wp:term":[{"taxonomy":"category","embeddable":true,"href":"https:\/\/tvsensor.com\/api\/wp\/v2\/categories?post=8747"},{"taxonomy":"post_tag","embeddable":true,"href":"https:\/\/tvsensor.com\/api\/wp\/v2\/tags?post=8747"}],"curies":[{"name":"wp","href":"https:\/\/api.w.org\/{rel}","templated":true}]}}