{"id":8744,"date":"2019-05-08T12:26:16","date_gmt":"2019-05-08T12:26:16","guid":{"rendered":"https:\/\/senzor.ba\/?p=8744"},"modified":"2024-01-15T21:48:11","modified_gmt":"2024-01-15T20:48:11","slug":"izetbegovic-nasa-zemlja-ce-se-pretvoriti-u-veliko-gradiliste","status":"publish","type":"post","link":"https:\/\/tvsensor.com\/clanak\/izetbegovic-nasa-zemlja-ce-se-pretvoriti-u-veliko-gradiliste\/","title":{"rendered":"Izetbegovi\u0107: Na\u0161a zemlja \u0107e se pretvoriti u veliko gradili\u0161te"},"content":{"rendered":"<p>Zvani\u010dnom otvaranju Godi\u0161nje skup\u0161tine Evropske banke za obnovu i razvoj (EBRD) prisustvovali su bosanskohercegova\u010dki zvani\u010dnici, me\u0111u kojima i predsjedavaju\u0107i Doma naroda Parlamentarne skup\u0161tine BiH Bakir Izetbegovi\u0107 koji je potvrdio Feni da \u0107e EBRD intenzivirati svoje prisustvo u Bosni i Hercegovini.<\/p>\n<p>&#8211; Mislim da \u0107e to dati sna\u017ean doprinos da se kona\u010dno na\u0161a zemlja pretvori u veliko gradili\u0161te. EBRD je do sada mnogo investirao u Bosnu i Hercegovinu, veoma zna\u010dajne projekte infrastrukture, ali smatram da je tek sada ustvari pravi po\u010detak rada &#8211; kre\u0107e masovna izgradnja zahvaljuju\u0107i, izme\u0111u ostalog, EBRD-u &#8211; konstatovao je Izetbegovi\u0107.<\/p>\n<p>Premijer Federacije BiH Fadil Novali\u0107 izrazio je zadovoljstvo \u0161to \u0107e se danas u Sarajevu okupiti lideri iz jugoisto\u010dne Evrope i zemalja zapadnog Balkana.<\/p>\n<p>Ka\u017ee da sve pokazuje da &#8220;ipak idemo putem integracije, evropskim putem rasta ekonomije, a ne nekim putem disolucije koja je bila ovih mjeseci u \u017ei\u017ei&#8221;.<\/p>\n<p>&#8211; U bilateralnim razgovorima sa predsjednikom obe\u0107ano je da \u0107e sa 200 miliona godi\u0161nje i\u0107i na 400 miliona eura koje mo\u017eemo ulo\u017eiti u infrastrukturu, privatni sektor i energetiku, i da EBRD zaista svojim prisustvom ovdje i pove\u0107anjem svojih aktivnosti \u010dini zna\u010dajnu komponentu na\u0161eg razvoja i rasta BDP-a &#8211; naglasio je Novali\u0107.<\/p>\n<p>U proteklom periodu, prema rije\u010dima premijera Republike Srpske Radovana Vi\u0161kovi\u0107a, EBRD je pokazao da je veoma zna\u010dajan finansijer projekata u Bosni i Hercegovini.<\/p>\n<p>&#8211; Ve\u0107 smo uspjeli od sino\u0107 do danas da ispregovaramo jo\u0161 nekih dodatnih 210 miliona eura za nastavak izgradnje obilaznice oko Doboja na Koridoru Vc, gdje \u0107e biti negdje 150 miliona eura za RS i 60 miliona eura za FBiH. Osim toga, kandidovali smo i neke projekte iz energetskog sektora i obnovljivih izvora. Nadamo se da \u0107emo u 2019. godini da pre\u0111emo onaj famozni prag o kojem su pri\u010dali guverneri i predsjednik EBRD-a od 300 miliona eura investicija EBRD-a u jednoj godini &#8211; rekao je Vi\u0161kovi\u0107 novinarima nakon zvani\u010dnog otvaranja Godi\u0161nje skup\u0161tine Evropske banke za obnovu i razvoj (EBRD).<\/p>\n<p>U nastavku lideri zemalja zapadnog Balkana uklju\u010dit \u0107e se u raspravu o brojnim temama ekonomske i politi\u010dke prirode, od va\u017enosti za cijelu regiju.<\/p>\n<p>Sastanak \u0107e biti pra\u0107en interaktivnim panelom i prezentacijama ministara o temi investicionih potencijala svake od tih zemalja.<\/p>\n<p>Bosna i Hercegovina \u0107e tokom tri dana ugostiti oko 3.000 predstavnika me\u0111unarodne poslovne zajednice, investitora, visokih vladinih zvani\u010dnika (guverneri EBRD-a, ministri finansija, ekonomije, trezora ili Centralne banke) te predstavnika organizacija civilnog dru\u0161tva.<\/p>\n<p>&nbsp;<\/p>\n<h6><strong>Izvor: Fena<\/strong><\/h6>\n","protected":false},"excerpt":{"rendered":"<p>Zvani\u010dnom otvaranju Godi\u0161nje skup\u0161tine Evropske banke za obnovu i razvoj (EBRD) prisustvovali su bosanskohercegova\u010dki zvani\u010dnici, me\u0111u kojima i predsjedavaju\u0107i Doma naroda Parlamentarne skup\u0161tine BiH Bakir Izetbegovi\u0107 koji je potvrdio Feni da \u0107e EBRD intenzivirati svoje prisustvo u Bosni i Hercegovini. &#8211; Mislim da \u0107e to dati sna\u017ean doprinos da se kona\u010dno na\u0161a zemlja pretvori u [&hellip;]<\/p>\n","protected":false},"author":4,"featured_media":8745,"comment_status":"open","ping_status":"closed","sticky":false,"template":"","format":"standard","meta":{"inline_featured_image":false,"footnotes":""},"categories":[38],"tags":[],"class_list":{"0":"post-8744","1":"post","2":"type-post","3":"status-publish","4":"format-standard","5":"has-post-thumbnail","7":"category-vijesti-iz-bih"},"acf":[],"_links":{"self":[{"href":"https:\/\/tvsensor.com\/api\/wp\/v2\/posts\/8744","targetHints":{"allow":["GET"]}}],"collection":[{"href":"https:\/\/tvsensor.com\/api\/wp\/v2\/posts"}],"about":[{"href":"https:\/\/tvsensor.com\/api\/wp\/v2\/types\/post"}],"author":[{"embeddable":true,"href":"https:\/\/tvsensor.com\/api\/wp\/v2\/users\/4"}],"replies":[{"embeddable":true,"href":"https:\/\/tvsensor.com\/api\/wp\/v2\/comments?post=8744"}],"version-history":[{"count":1,"href":"https:\/\/tvsensor.com\/api\/wp\/v2\/posts\/8744\/revisions"}],"predecessor-version":[{"id":8746,"href":"https:\/\/tvsensor.com\/api\/wp\/v2\/posts\/8744\/revisions\/8746"}],"wp:featuredmedia":[{"embeddable":true,"href":"https:\/\/tvsensor.com\/api\/wp\/v2\/media\/8745"}],"wp:attachment":[{"href":"https:\/\/tvsensor.com\/api\/wp\/v2\/media?parent=8744"}],"wp:term":[{"taxonomy":"category","embeddable":true,"href":"https:\/\/tvsensor.com\/api\/wp\/v2\/categories?post=8744"},{"taxonomy":"post_tag","embeddable":true,"href":"https:\/\/tvsensor.com\/api\/wp\/v2\/tags?post=8744"}],"curies":[{"name":"wp","href":"https:\/\/api.w.org\/{rel}","templated":true}]}}