{"id":8741,"date":"2019-05-08T11:37:25","date_gmt":"2019-05-08T11:37:25","guid":{"rendered":"https:\/\/senzor.ba\/?p=8741"},"modified":"2024-01-15T21:48:11","modified_gmt":"2024-01-15T20:48:11","slug":"ponovo-pocinju-radovi-u-ulici-ferhadija","status":"publish","type":"post","link":"https:\/\/tvsensor.com\/clanak\/ponovo-pocinju-radovi-u-ulici-ferhadija\/","title":{"rendered":"Ponovo po\u010dinju radovi u ulici Ferhadija"},"content":{"rendered":"<h4>\n<strong>Kako su naveli iz Op\u0107ine Stari Grad sutra \u0107e biti odr\u017eana konferencija za medije na kojoj \u0107e biti obja\u0161njeno zbog \u010dega \u0107e se izvoditi radovi.<\/strong><\/h4>\n<p>Radovi tako\u0111er po\u010dinju sutra, a danas su postavljene ma\u0161ine i radi se na pripremi za radove.<br \/>\nDio Ferhadije od Gradske tr\u017enice do Apoteke Sarajevo rekonstruisan je 2012. i 2013. godine. Na tom dijelu su zamijenjene sve podzemne instalacije, postavljena armirano- betonska podloga debljine deset centimetara i ugra\u0111ene granitne plo\u010de debljine osam centimetara. Projekat je ko\u0161tao oko 890.000 KM.<br \/>\nI pro\u0161le godine ra\u0111eno je teku\u0107e odr\u017eavanje ulice Ferhadija na dijelu od Apoteke Sarajevo do Slatkog \u0107o\u0161eta.<br \/>\nOvaj dio ulice rekonstruisan je 1997. godine, ali je kvalitet izvedenih tradova i materijal dosta lo\u0161 i \u010desto dolazi do pucanja plo\u010da u zimskom periodu. Iz tog razloga se vr\u0161i godi\u0161nje teku\u0107e odr\u017eavanje kako bi se ulica vratila u prvobitno stanje.<br \/>\nIpak, kako je primijetan trend sve ve\u0107e frekvencije saobra\u0107aja kroz ulicu Ferhadija, \u0161to podrazumijeva ne samo mala putni\u010dka i dostavna vozila, nego i velike kamione za dostavu Op\u0107ina Stari Grad pro\u0161le godine je navela kako je bila prinu\u0111ena poduzeti mjere u cilju za\u0161tite ove ulice od eventualne \u0161tete, te su tada postavili metalne stubi\u0107e.<br \/>\nOvaj potez bio je neophodan jer vi\u0161egodi\u0161nji zahtjevi nesavjesnim gra\u0111anima da ne koriste vozila kroz Ferhadiju, \u010dak ni za dostavu robe, nisu urodili plodom, kao ni intervencije pripadnika MUP-a KS-a.<br \/>\nOp\u0107ina Stari Grad na ovaj na\u010din poku\u0161ala je za\u0161titi imovinu i ulo\u017eena sredstva u rekonstrukciju ulice Ferhadija.<\/p>\n<p>Podsje\u0107amo, ulica Ferhadija je Separatom za\u0161tite kulturno-historijskog i prirodnog naslije\u0111a koji ra\u0111en je za potrebe Programa razvoja gradskog jezgra Sarajeva iz 2000. godine evidentirana kao arhitektonsko-urbanisti\u010dka cjelina, odnosno uli\u010dna cjelina, pojasnili su iz Kantonalnog zavoda za za\u0161titu kulturno-historijskog i prirodnog naslije\u0111a Sarajevo za Radiosarajevo.ba. Isti statusi za navedene uli\u010dne cjeline definirani su prostornim i urbanisti\u010dkim planovima Sarajeva.<br \/>\nS obzirom na to da Status za\u0161ti\u0107enog i evidentiranog dobra koje imaju predmetne uli\u010dne cjeline obavezuje na primjenu odredbi Zakona o za\u0161titi kulturne ba\u0161tine, odnosno \u010dlana 24 stav (1) propisa kojim je regulirano da se bez saglasnosti ne mogu izvoditi radovi na dobrima ba\u0161tine, iz Op\u0107ine Stari Grad su za radove trebali tra\u017eiti odobrenje od Kantonalnog zavoda za za\u0161titu kulturno-historijskog i prirodnog naslije\u0111a.<\/p>\n<p>&nbsp;<\/p>\n<p><strong>IZVOR:\u00a0<a href=\"https:\/\/www.radiosarajevo.ba\/vijesti\/lokalne-teme\/ponovo-pocinju-radovi-u-ulici-ferhadija\/336082?fbclid=IwAR1ib21mKzu8wJhQ3ZG-Csm0YPwkL7ml5s8AyWQC4vC2PRV5VONXI8Jv4-o\">radiosarajevo.ba<\/a><\/strong><\/p>\n","protected":false},"excerpt":{"rendered":"<p>Kako su naveli iz Op\u0107ine Stari Grad sutra \u0107e biti odr\u017eana konferencija za medije na kojoj \u0107e biti obja\u0161njeno zbog \u010dega \u0107e se izvoditi radovi. Radovi tako\u0111er po\u010dinju sutra, a danas su postavljene ma\u0161ine i radi se na pripremi za radove. Dio Ferhadije od Gradske tr\u017enice do Apoteke Sarajevo rekonstruisan je 2012. i 2013. godine. [&hellip;]<\/p>\n","protected":false},"author":4,"featured_media":8742,"comment_status":"open","ping_status":"closed","sticky":false,"template":"","format":"standard","meta":{"inline_featured_image":false,"footnotes":""},"categories":[37,38],"tags":[],"class_list":{"0":"post-8741","1":"post","2":"type-post","3":"status-publish","4":"format-standard","5":"has-post-thumbnail","7":"category-vijesti","8":"category-vijesti-iz-bih"},"acf":[],"_links":{"self":[{"href":"https:\/\/tvsensor.com\/api\/wp\/v2\/posts\/8741","targetHints":{"allow":["GET"]}}],"collection":[{"href":"https:\/\/tvsensor.com\/api\/wp\/v2\/posts"}],"about":[{"href":"https:\/\/tvsensor.com\/api\/wp\/v2\/types\/post"}],"author":[{"embeddable":true,"href":"https:\/\/tvsensor.com\/api\/wp\/v2\/users\/4"}],"replies":[{"embeddable":true,"href":"https:\/\/tvsensor.com\/api\/wp\/v2\/comments?post=8741"}],"version-history":[{"count":1,"href":"https:\/\/tvsensor.com\/api\/wp\/v2\/posts\/8741\/revisions"}],"predecessor-version":[{"id":8743,"href":"https:\/\/tvsensor.com\/api\/wp\/v2\/posts\/8741\/revisions\/8743"}],"wp:featuredmedia":[{"embeddable":true,"href":"https:\/\/tvsensor.com\/api\/wp\/v2\/media\/8742"}],"wp:attachment":[{"href":"https:\/\/tvsensor.com\/api\/wp\/v2\/media?parent=8741"}],"wp:term":[{"taxonomy":"category","embeddable":true,"href":"https:\/\/tvsensor.com\/api\/wp\/v2\/categories?post=8741"},{"taxonomy":"post_tag","embeddable":true,"href":"https:\/\/tvsensor.com\/api\/wp\/v2\/tags?post=8741"}],"curies":[{"name":"wp","href":"https:\/\/api.w.org\/{rel}","templated":true}]}}