{"id":8730,"date":"2019-05-08T08:22:25","date_gmt":"2019-05-08T08:22:25","guid":{"rendered":"https:\/\/senzor.ba\/?p=8730"},"modified":"2024-01-15T21:48:11","modified_gmt":"2024-01-15T20:48:11","slug":"video-imam-colic-o-iskusenjima-i-aktivnostima-nasih-ljudi-u-goteborgu","status":"publish","type":"post","link":"https:\/\/tvsensor.com\/clanak\/video-imam-colic-o-iskusenjima-i-aktivnostima-nasih-ljudi-u-goteborgu\/","title":{"rendered":"(VIDEO) Imam \u010coli\u0107 o isku\u0161enjima i aktivnostima na\u0161ih ljudi u G\u00f6teborgu"},"content":{"rendered":"<p>Otkako su izbjeglice s na\u0161ih prostora po\u010dele masovno tra\u017eiti uto\u010di\u0161te u \u0160vedskoj, pro\u0161lo je ve\u0107 \u010detvrt stolje\u0107a. To je sasvim dovoljno vremena da se upoznaju sa svim svojim doma\u0107inima, ali i da oni vide s kime imaju posla.<\/p>\n<p>Na nama, kao gostima, bilo je da se prilago\u0111avamo. Ipak, to nije bilo ni lagano ni jednostrano. Nakon \u0161to su \u0160ve\u0111ani shvatili da imaju posla s pametnim i vrijednim ljudima, do\u0161lo je do interakcije od koje su svi bili na dobitku. U \u0161vedske \u0161kole, fabrike i sportske terene do\u0161ao je narod druga\u010dijih obi\u010daja i pona\u0161anja. Do\u0161li su neki ju\u017enjaci koji su svojim temperamentom nekoga iritirali, dok su drugima postajali zanimljivi.<\/p>\n<p>Ka\u017ee se da je Bog podijelio ljude na plemene i narode da bi se me\u0111usobno upoznali. Pravo zna\u010denje tih rije\u010di dobro su shvatili na\u0161i sljede\u0107i sagovornici, dvoje ljudi od vjere. On je Fuad \u010coli\u0107, imam iz Bosne, a ona je Marika Palmdahl, sve\u0161tenica u crkvi&#8230;<\/p>\n<p><iframe loading=\"lazy\" title=\"Imam \u010coli\u0107 o isku\u0161enjima i aktivnostima na\u0161ih ljudi u G\u00f6teborgu\" width=\"696\" height=\"392\" src=\"https:\/\/www.youtube.com\/embed\/VsZAlxX5I8I?feature=oembed\" frameborder=\"0\" allow=\"accelerometer; autoplay; clipboard-write; encrypted-media; gyroscope; picture-in-picture\" allowfullscreen><\/iframe><\/p>\n<p>MojaBiH<\/p>\n","protected":false},"excerpt":{"rendered":"<p>Otkako su izbjeglice s na\u0161ih prostora po\u010dele masovno tra\u017eiti uto\u010di\u0161te u \u0160vedskoj, pro\u0161lo je ve\u0107 \u010detvrt stolje\u0107a. To je sasvim dovoljno vremena da se upoznaju sa svim svojim doma\u0107inima, ali i da oni vide s kime imaju posla. Na nama, kao gostima, bilo je da se prilago\u0111avamo. Ipak, to nije bilo ni lagano ni jednostrano. [&hellip;]<\/p>\n","protected":false},"author":59,"featured_media":8731,"comment_status":"open","ping_status":"closed","sticky":false,"template":"","format":"standard","meta":{"inline_featured_image":false,"footnotes":""},"categories":[57],"tags":[],"class_list":{"0":"post-8730","1":"post","2":"type-post","3":"status-publish","4":"format-standard","5":"has-post-thumbnail","7":"category-religija"},"acf":[],"_links":{"self":[{"href":"https:\/\/tvsensor.com\/api\/wp\/v2\/posts\/8730","targetHints":{"allow":["GET"]}}],"collection":[{"href":"https:\/\/tvsensor.com\/api\/wp\/v2\/posts"}],"about":[{"href":"https:\/\/tvsensor.com\/api\/wp\/v2\/types\/post"}],"author":[{"embeddable":true,"href":"https:\/\/tvsensor.com\/api\/wp\/v2\/users\/59"}],"replies":[{"embeddable":true,"href":"https:\/\/tvsensor.com\/api\/wp\/v2\/comments?post=8730"}],"version-history":[{"count":1,"href":"https:\/\/tvsensor.com\/api\/wp\/v2\/posts\/8730\/revisions"}],"predecessor-version":[{"id":8732,"href":"https:\/\/tvsensor.com\/api\/wp\/v2\/posts\/8730\/revisions\/8732"}],"wp:featuredmedia":[{"embeddable":true,"href":"https:\/\/tvsensor.com\/api\/wp\/v2\/media\/8731"}],"wp:attachment":[{"href":"https:\/\/tvsensor.com\/api\/wp\/v2\/media?parent=8730"}],"wp:term":[{"taxonomy":"category","embeddable":true,"href":"https:\/\/tvsensor.com\/api\/wp\/v2\/categories?post=8730"},{"taxonomy":"post_tag","embeddable":true,"href":"https:\/\/tvsensor.com\/api\/wp\/v2\/tags?post=8730"}],"curies":[{"name":"wp","href":"https:\/\/api.w.org\/{rel}","templated":true}]}}