{"id":8467,"date":"2019-05-04T11:07:55","date_gmt":"2019-05-04T11:07:55","guid":{"rendered":"https:\/\/senzor.ba\/?p=8467"},"modified":"2024-01-15T21:48:22","modified_gmt":"2024-01-15T20:48:22","slug":"otvoreno-svjetsko-prvenstvo-dijaspore-bih-u-futsalu","status":"publish","type":"post","link":"https:\/\/tvsensor.com\/clanak\/otvoreno-svjetsko-prvenstvo-dijaspore-bih-u-futsalu\/","title":{"rendered":"Otvoreno Svjetsko prvenstvo dijaspore BiH u futsalu!"},"content":{"rendered":"<p>16. Svjetsko prvenstvo dijaspore BiH u futsalu otvoreno je jutros u dvorani\u00a0Ekeberg Hallen Oslo u Oslu.<\/p>\n<div class=\"article hasRelatedCard hasRelatedImg hasRelatedCardBody hasRelatedHeader\">\n<div class=\"card\">Prvenstvo su otvorili ambasador BiH u Norve\u0161koj Nedim Makarevi\u0107, predsjednik Saveza bh. gra\u0111ana u Norve\u0161koj,\u00a0Miralem Be\u0107irovi\u0107 i\u00a0predsjednik Svjetskog saveza dijaspore, Hasan \u0160ehovi\u0107.<\/p>\n<div class=\"Article-centralEmbed\">\n<div class=\"Article-imageEmbed\"><img decoding=\"async\" src=\"https:\/\/mbapi.oslobodjenje.ba\/storage\/images\/30e2\/6abf\/2291\/IMG-585d6cf853376b7e5620c4a8eac7bdf7-V.jpg\" alt=\"image\" \/><\/div>\n<div class=\"Article-imageSource\">16. Svjetsko prvenstvo dijaspore BiH u futsalu, otvaranje\/ Fahro Konjhod\u017ei\u0107<\/div>\n<\/div>\n<p>Prisutne su ispred Ministarstva za ljudska prava i izbjeglice BiH i Ministarstva civilnih poslova BiH pozdravili Kemo Sara\u010d i Adis Osmanovi\u0107.<\/p>\n<div class=\"Article-centralEmbed\">\n<div class=\"Article-imageEmbed\"><img decoding=\"async\" src=\"https:\/\/mbapi.oslobodjenje.ba\/storage\/images\/30e2\/6abf\/2293\/IMG-b708a13bdd0895e643dd75521225a473-V.jpg\" alt=\"image\" \/><\/div>\n<div class=\"Article-imageSource\">16. Svjetsko prvenstvo dijaspore BiH u futsalu, otvaranje\/ Fahro Konjhod\u017ei\u0107<\/div>\n<\/div>\n<p>Intoniranje himne izvela je folklorna grupa &#8220;Dukat&#8221;.<\/p>\n<div class=\"Article-centralEmbed\">\n<div class=\"Article-imageEmbed\"><img decoding=\"async\" src=\"https:\/\/mbapi.oslobodjenje.ba\/storage\/images\/30e2\/6abf\/2292\/IMG-1535d72688549fec4de09118d60217d9-V.jpg\" alt=\"image\" \/><\/div>\n<div class=\"Article-imageSource\">16. Svjetsko prvenstvo dijaspore BiH u futsalu, otvaranje\/ Fahro Konjhod\u017ei\u0107<\/div>\n<\/div>\n<p>Minutom \u0161utnje za Edvina Hod\u017ei\u0107a, kapitena reprezentacije koji je umro pro\u0161le godine, i zvani\u010dno je otvoreno 16. Svjetsko prvenstvo dijaspore BiH u futsalu.<\/p><\/div>\n<div><\/div>\n<div class=\"card\">U\u017eivo prijenose utakmica mo\u017eete pratiti na <a href=\"https:\/\/www.facebook.com\/pg\/16futsal\/videos\/?ref=page_internal\" target=\"_blank\" rel=\"noopener\"><strong>ovoj Facebook stranici<\/strong><\/a>.<\/div>\n<\/div>\n","protected":false},"excerpt":{"rendered":"<p>16. Svjetsko prvenstvo dijaspore BiH u futsalu otvoreno je jutros u dvorani\u00a0Ekeberg Hallen Oslo u Oslu. Prvenstvo su otvorili ambasador BiH u Norve\u0161koj Nedim Makarevi\u0107, predsjednik Saveza bh. gra\u0111ana u Norve\u0161koj,\u00a0Miralem Be\u0107irovi\u0107 i\u00a0predsjednik Svjetskog saveza dijaspore, Hasan \u0160ehovi\u0107. 16. Svjetsko prvenstvo dijaspore BiH u futsalu, otvaranje\/ Fahro Konjhod\u017ei\u0107 Prisutne su ispred Ministarstva za ljudska prava [&hellip;]<\/p>\n","protected":false},"author":59,"featured_media":8477,"comment_status":"open","ping_status":"closed","sticky":false,"template":"","format":"standard","meta":{"inline_featured_image":false,"footnotes":""},"categories":[61],"tags":[],"class_list":{"0":"post-8467","1":"post","2":"type-post","3":"status-publish","4":"format-standard","5":"has-post-thumbnail","7":"category-sport"},"acf":[],"_links":{"self":[{"href":"https:\/\/tvsensor.com\/api\/wp\/v2\/posts\/8467","targetHints":{"allow":["GET"]}}],"collection":[{"href":"https:\/\/tvsensor.com\/api\/wp\/v2\/posts"}],"about":[{"href":"https:\/\/tvsensor.com\/api\/wp\/v2\/types\/post"}],"author":[{"embeddable":true,"href":"https:\/\/tvsensor.com\/api\/wp\/v2\/users\/59"}],"replies":[{"embeddable":true,"href":"https:\/\/tvsensor.com\/api\/wp\/v2\/comments?post=8467"}],"version-history":[{"count":2,"href":"https:\/\/tvsensor.com\/api\/wp\/v2\/posts\/8467\/revisions"}],"predecessor-version":[{"id":35667,"href":"https:\/\/tvsensor.com\/api\/wp\/v2\/posts\/8467\/revisions\/35667"}],"wp:featuredmedia":[{"embeddable":true,"href":"https:\/\/tvsensor.com\/api\/wp\/v2\/media\/8477"}],"wp:attachment":[{"href":"https:\/\/tvsensor.com\/api\/wp\/v2\/media?parent=8467"}],"wp:term":[{"taxonomy":"category","embeddable":true,"href":"https:\/\/tvsensor.com\/api\/wp\/v2\/categories?post=8467"},{"taxonomy":"post_tag","embeddable":true,"href":"https:\/\/tvsensor.com\/api\/wp\/v2\/tags?post=8467"}],"curies":[{"name":"wp","href":"https:\/\/api.w.org\/{rel}","templated":true}]}}