{"id":8464,"date":"2019-05-04T10:53:41","date_gmt":"2019-05-04T10:53:41","guid":{"rendered":"https:\/\/senzor.ba\/?p=8464"},"modified":"2024-01-15T21:48:22","modified_gmt":"2024-01-15T20:48:22","slug":"nelson-ljudi-svih-vjera-dosli-su-svjedociti-povratku-svoje-aladze","status":"publish","type":"post","link":"https:\/\/tvsensor.com\/clanak\/nelson-ljudi-svih-vjera-dosli-su-svjedociti-povratku-svoje-aladze\/","title":{"rendered":"Nelson: Ljudi svih vjera, do\u0161li su svjedo\u010diti povratku svoje Alad\u017ee"},"content":{"rendered":"<p><strong>Eric Nelson, ambasador Sjedinjenih Ameri\u010dkih Dr\u017eava u Bosni i Hercegovini<\/strong>\u00a0kazao je danas u Fo\u010d\u010di da je sretan \u0161to je sa ljudima iz BiH da bi proslavili otvaranje prelijepe Ala\u017eda d\u017eamije koja ima historijski zna\u010daj.<\/p>\n<p>&#8220;Drago mi je \u0161to se ovako puno ljudi okupilo danas. Ljudi svih vjera, koji su do\u0161li svjedo\u010diti povratku svoje Alad\u017ee. Ponosan sam \u0161to se nakon na\u0161eg inicijalnog djelovanja kroz amabsadorski fond pridru\u017eile i Republika Turska i gra\u0111ani Fo\u010de da bi se dovr\u0161ila obnova ovog simbola raznolikosti i tolerancije&#8221;, kazao je Nelson i dodao:<\/p>\n<p>&#8220;<strong>Kada poma\u017eemo o\u010duvanje spomenika o\u010duvanje spomenika kulture SAD<\/strong>pokazujemo koliko po\u0161tujemo druge kulture, tako \u0161to \u0161titimo njihovu tradiciju. Spomenici kulture obezbje\u0111uju kontinuitet sa pro\u0161lo\u0161\u0107u i \u010duvaju kulturno naslije\u0111e za budu\u0107e generacije.\u00a0Spomenici kulture traju, kao spomenici ljudskim dostignu\u0107ima, a Alad\u017ea d\u017eamija treba da bude spomenik otpornosti i pomirenja&#8221;.<\/p>\n<p>&#8220;Istorija Fo\u010de ne\u0107e i ne treba biti zaboravljena, nadamo se, da \u0107e obnova Alad\u017ea d\u017eamije donijeti smiraj i oporavak svim ljudima u Fo\u010di. Svi smo radili zajedno da bismo Alad\u017eu vratili Fo\u010di. A moramo u\u010diniti jo\u0161 vi\u0161e, moramo zajedno raditi da bi smo svim ljudima svih vjera obezbjedili mjesto koje im pripada ne samo u Fo\u010di nego \u0161irom BiH.<\/p>\n<p>Istorija BiH je istorija raznolikosti, dnas slavimo otvorenje Alad\u017ea d\u017eamije, hajde da svaki dan slavimo raznolikost ove prelijepe zemlje. Hvala vam&#8221;, zaklju\u010dio je Nelson.<\/p>\n<header>\n<p class=\"datestamp\"><span class=\"author\">Radiosarajevo.ba<\/span><\/p>\n<\/header>\n","protected":false},"excerpt":{"rendered":"<p>Eric Nelson, ambasador Sjedinjenih Ameri\u010dkih Dr\u017eava u Bosni i Hercegovini\u00a0kazao je danas u Fo\u010d\u010di da je sretan \u0161to je sa ljudima iz BiH da bi proslavili otvaranje prelijepe Ala\u017eda d\u017eamije koja ima historijski zna\u010daj. &#8220;Drago mi je \u0161to se ovako puno ljudi okupilo danas. Ljudi svih vjera, koji su do\u0161li svjedo\u010diti povratku svoje Alad\u017ee. Ponosan [&hellip;]<\/p>\n","protected":false},"author":59,"featured_media":8468,"comment_status":"open","ping_status":"closed","sticky":false,"template":"","format":"standard","meta":{"inline_featured_image":false,"footnotes":""},"categories":[38],"tags":[],"class_list":{"0":"post-8464","1":"post","2":"type-post","3":"status-publish","4":"format-standard","5":"has-post-thumbnail","7":"category-vijesti-iz-bih"},"acf":[],"_links":{"self":[{"href":"https:\/\/tvsensor.com\/api\/wp\/v2\/posts\/8464","targetHints":{"allow":["GET"]}}],"collection":[{"href":"https:\/\/tvsensor.com\/api\/wp\/v2\/posts"}],"about":[{"href":"https:\/\/tvsensor.com\/api\/wp\/v2\/types\/post"}],"author":[{"embeddable":true,"href":"https:\/\/tvsensor.com\/api\/wp\/v2\/users\/59"}],"replies":[{"embeddable":true,"href":"https:\/\/tvsensor.com\/api\/wp\/v2\/comments?post=8464"}],"version-history":[{"count":2,"href":"https:\/\/tvsensor.com\/api\/wp\/v2\/posts\/8464\/revisions"}],"predecessor-version":[{"id":8472,"href":"https:\/\/tvsensor.com\/api\/wp\/v2\/posts\/8464\/revisions\/8472"}],"wp:featuredmedia":[{"embeddable":true,"href":"https:\/\/tvsensor.com\/api\/wp\/v2\/media\/8468"}],"wp:attachment":[{"href":"https:\/\/tvsensor.com\/api\/wp\/v2\/media?parent=8464"}],"wp:term":[{"taxonomy":"category","embeddable":true,"href":"https:\/\/tvsensor.com\/api\/wp\/v2\/categories?post=8464"},{"taxonomy":"post_tag","embeddable":true,"href":"https:\/\/tvsensor.com\/api\/wp\/v2\/tags?post=8464"}],"curies":[{"name":"wp","href":"https:\/\/api.w.org\/{rel}","templated":true}]}}