{"id":8463,"date":"2019-05-04T10:54:10","date_gmt":"2019-05-04T10:54:10","guid":{"rendered":"https:\/\/senzor.ba\/?p=8463"},"modified":"2024-01-15T21:48:22","modified_gmt":"2024-01-15T20:48:22","slug":"turski-ambasador-ispred-aladze-neka-ova-lijepa-dzamija-donese-hajra-i-radosti","status":"publish","type":"post","link":"https:\/\/tvsensor.com\/clanak\/turski-ambasador-ispred-aladze-neka-ova-lijepa-dzamija-donese-hajra-i-radosti\/","title":{"rendered":"Turski ambasador ispred Alad\u017ee: Neka ova lijepa d\u017eamija donese hajra i radosti"},"content":{"rendered":"<p><strong>Haldun Koc<\/strong>, turski ambasador u Bosni i Hercegovini, danas je tako\u0111er pozdravnim govorom uveli\u010dao sve\u010danost u Fo\u010di, povodom ponovnog otvaranja Alad\u017ea d\u017eamije, koju su do temelja prije 27 godina sru\u0161ili \u010detnici.<\/p>\n<p>Govorio je Koc\u00a0<strong>s posebnom pa\u017enjom o Bosni i Hercegovini<\/strong>. Kazao je da se ona\u00a0nalazi na posebnom mjestu, da se\u00a0oslanja na toleranciju i zajedni\u010dki \u017eivot:<\/p>\n<p>&#8220;Na\u0161a ambasade i sve druge institucije koje djeluju u BiH rade vrlo vrijedno i istinski mnogo da bismo doprinijeli miru i zajedni\u0161tvu u cijeloj zemlji. To radimo veoma uzbu\u0111eni i s velikom \u017eeljom da ovdje bude bolje, jer\u00a0na\u0161i odnosi, i historijski i me\u0111u ljudima, stvarno su posebni.&#8221;<\/p>\n<p>Stabilnost BiH je stabilnost cijelog regiona, kazao je ambasador pa naglasio da\u00a0<strong>Turska,\u00a0sa istom iskreno\u0161\u0107u, nastupa u cijeloj zemlji<\/strong>:<\/p>\n<p>&#8220;D\u017eamija alad\u017ea, na Drini \u0107uprija, islamski centar u trebinju, Zgrada rijaseta u sarajevu, Stari most&#8230; sve smo to radili s ljubavlju.&#8221;<\/p>\n<p>Dodao je Koc kako ne smijemo zaboraviti da su sve bogomolje svete i da ih moramo \u010duvati.<\/p>\n<p>&#8220;<strong>Zato vam \u017eelim da ova lijepa d\u017eamija cijeloj Fo\u010di donese puno hajra i radosti, da privu\u010de mno\u0161tvo putnika. Hvala puno i alahimanet<\/strong>&#8220;, rekao je turski ambasador na kraju govora.<\/p>\n<header>\n<p class=\"datestamp\"><span class=\"author\">Radiosarajevo.ba<\/span><\/p>\n<\/header>\n","protected":false},"excerpt":{"rendered":"<p>Haldun Koc, turski ambasador u Bosni i Hercegovini, danas je tako\u0111er pozdravnim govorom uveli\u010dao sve\u010danost u Fo\u010di, povodom ponovnog otvaranja Alad\u017ea d\u017eamije, koju su do temelja prije 27 godina sru\u0161ili \u010detnici. Govorio je Koc\u00a0s posebnom pa\u017enjom o Bosni i Hercegovini. Kazao je da se ona\u00a0nalazi na posebnom mjestu, da se\u00a0oslanja na toleranciju i zajedni\u010dki \u017eivot: [&hellip;]<\/p>\n","protected":false},"author":59,"featured_media":8470,"comment_status":"open","ping_status":"closed","sticky":false,"template":"","format":"standard","meta":{"inline_featured_image":false,"footnotes":""},"categories":[38],"tags":[],"class_list":{"0":"post-8463","1":"post","2":"type-post","3":"status-publish","4":"format-standard","5":"has-post-thumbnail","7":"category-vijesti-iz-bih"},"acf":[],"_links":{"self":[{"href":"https:\/\/tvsensor.com\/api\/wp\/v2\/posts\/8463","targetHints":{"allow":["GET"]}}],"collection":[{"href":"https:\/\/tvsensor.com\/api\/wp\/v2\/posts"}],"about":[{"href":"https:\/\/tvsensor.com\/api\/wp\/v2\/types\/post"}],"author":[{"embeddable":true,"href":"https:\/\/tvsensor.com\/api\/wp\/v2\/users\/59"}],"replies":[{"embeddable":true,"href":"https:\/\/tvsensor.com\/api\/wp\/v2\/comments?post=8463"}],"version-history":[{"count":1,"href":"https:\/\/tvsensor.com\/api\/wp\/v2\/posts\/8463\/revisions"}],"predecessor-version":[{"id":8473,"href":"https:\/\/tvsensor.com\/api\/wp\/v2\/posts\/8463\/revisions\/8473"}],"wp:featuredmedia":[{"embeddable":true,"href":"https:\/\/tvsensor.com\/api\/wp\/v2\/media\/8470"}],"wp:attachment":[{"href":"https:\/\/tvsensor.com\/api\/wp\/v2\/media?parent=8463"}],"wp:term":[{"taxonomy":"category","embeddable":true,"href":"https:\/\/tvsensor.com\/api\/wp\/v2\/categories?post=8463"},{"taxonomy":"post_tag","embeddable":true,"href":"https:\/\/tvsensor.com\/api\/wp\/v2\/tags?post=8463"}],"curies":[{"name":"wp","href":"https:\/\/api.w.org\/{rel}","templated":true}]}}