{"id":8409,"date":"2019-05-03T09:35:35","date_gmt":"2019-05-03T09:35:35","guid":{"rendered":"https:\/\/senzor.ba\/?p=8409"},"modified":"2024-01-15T21:48:24","modified_gmt":"2024-01-15T20:48:24","slug":"svjetski-dan-slobode-medija-podsjetnik-na-zajednicku-odgovornost-za-zastitu-slobode-medija","status":"publish","type":"post","link":"https:\/\/tvsensor.com\/clanak\/svjetski-dan-slobode-medija-podsjetnik-na-zajednicku-odgovornost-za-zastitu-slobode-medija\/","title":{"rendered":"Svjetski dan slobode medija: Podsjetnik na zajedni\u010dku odgovornost za za\u0161titu slobode medija"},"content":{"rendered":"<p>Sloboda medija klju\u010dni je stub demokratije i osnova na kojoj se grade dru\u0161tva u kojima se po\u0161tuju gra\u0111anska prava i temeljne slobode. Zabrinjavaju\u0107e je da je samo postojanje slobode medija u velikoj opasnosti, ne samo u Bosni i Hercegovini, ve\u0107 i u drugim zemljama \u0161irom svijeta, upozoravaju iz Misije OSCE-a u BiH na 3. maj, Svjetski dan slobode medija, prenosi Anadolu Agency (AA).<\/p>\n<p>Velika Britanija i OSCE zajedni\u010dki rade u ovom podru\u010dju i igraju aktivnu ulogu u pru\u017eanju podr\u0161ke ostvarenju i promoviranju ovih sloboda.<\/p>\n<p>\u201cSvjetski dan slobode medija, podsje\u0107a nas na na\u0161u zajedni\u010dku odgovornost za za\u0161titu slobode medija i na\u0161u obavezu da poduzmemo sve \u0161to je u na\u0161oj mo\u0107i da omogu\u0107imo novinarima da i dalje obavljaju svoj posao po\u0161teno i otvoreno, u okru\u017eenju koje nije ispunjeno strahom i zastra\u0161ivanjem. Bez toga, demokratija ne mo\u017ee opstati, a svi se moramo vi\u0161e potruditi da postignemo taj cilj\u201c, isti\u010du iz OSCE-a.<\/p>\n","protected":false},"excerpt":{"rendered":"<p>Sloboda medija klju\u010dni je stub demokratije i osnova na kojoj se grade dru\u0161tva u kojima se po\u0161tuju gra\u0111anska prava i temeljne slobode. Zabrinjavaju\u0107e je da je samo postojanje slobode medija u velikoj opasnosti, ne samo u Bosni i Hercegovini, ve\u0107 i u drugim zemljama \u0161irom svijeta, upozoravaju iz Misije OSCE-a u BiH na 3. maj, [&hellip;]<\/p>\n","protected":false},"author":59,"featured_media":8412,"comment_status":"open","ping_status":"closed","sticky":false,"template":"","format":"standard","meta":{"inline_featured_image":false,"footnotes":""},"categories":[41],"tags":[],"class_list":{"0":"post-8409","1":"post","2":"type-post","3":"status-publish","4":"format-standard","5":"has-post-thumbnail","7":"category-svijet"},"acf":[],"_links":{"self":[{"href":"https:\/\/tvsensor.com\/api\/wp\/v2\/posts\/8409","targetHints":{"allow":["GET"]}}],"collection":[{"href":"https:\/\/tvsensor.com\/api\/wp\/v2\/posts"}],"about":[{"href":"https:\/\/tvsensor.com\/api\/wp\/v2\/types\/post"}],"author":[{"embeddable":true,"href":"https:\/\/tvsensor.com\/api\/wp\/v2\/users\/59"}],"replies":[{"embeddable":true,"href":"https:\/\/tvsensor.com\/api\/wp\/v2\/comments?post=8409"}],"version-history":[{"count":2,"href":"https:\/\/tvsensor.com\/api\/wp\/v2\/posts\/8409\/revisions"}],"predecessor-version":[{"id":8413,"href":"https:\/\/tvsensor.com\/api\/wp\/v2\/posts\/8409\/revisions\/8413"}],"wp:featuredmedia":[{"embeddable":true,"href":"https:\/\/tvsensor.com\/api\/wp\/v2\/media\/8412"}],"wp:attachment":[{"href":"https:\/\/tvsensor.com\/api\/wp\/v2\/media?parent=8409"}],"wp:term":[{"taxonomy":"category","embeddable":true,"href":"https:\/\/tvsensor.com\/api\/wp\/v2\/categories?post=8409"},{"taxonomy":"post_tag","embeddable":true,"href":"https:\/\/tvsensor.com\/api\/wp\/v2\/tags?post=8409"}],"curies":[{"name":"wp","href":"https:\/\/api.w.org\/{rel}","templated":true}]}}