{"id":8396,"date":"2019-05-02T17:12:41","date_gmt":"2019-05-02T17:12:41","guid":{"rendered":"https:\/\/senzor.ba\/?p=8396"},"modified":"2024-01-15T21:48:24","modified_gmt":"2024-01-15T20:48:24","slug":"dodik-u-ankari-turska-se-prema-cijeloj-bih-odnosi-na-jednak-nacin","status":"publish","type":"post","link":"https:\/\/tvsensor.com\/clanak\/dodik-u-ankari-turska-se-prema-cijeloj-bih-odnosi-na-jednak-nacin\/","title":{"rendered":"Dodik u Ankari: Turska se prema cijeloj BiH odnosi na jednak na\u010din"},"content":{"rendered":"<p>Veliki putevi poput onoga koji \u0107e biti izgra\u0111en izme\u0111u Beogarad i Sarajeva, slu\u017ee da ljudi dolaze, a izgradnja autoputa Beograd-Sarajevo \u0107e biti doprinos Turske u smislu povezivanja Istoka i Zapada, izjavio je danas u Ankari predsjedavaju\u0107i Predsjedni\u0161tva BiH Milorad Dodik na zajedni\u010dkoj press konferenciji nakon sastanka s predsjednikom Turske Recepom Tayyipom Erdoganom, javlja Anadolu Agency (AA).<\/p>\n<p>Dodik je ukazao na zna\u010daj danas potpisanih sporazuma, a radi se o revidiranom Ugovoru o slobodnoj trgovini te Memorandumu o razmumijevanju u vezi s izgradnjom autoputa Beograd-Sarajevo.<\/p>\n<p>On je izrazio zadovoljstvo bilateralnom saradnjom izme\u0111u BiH i Turske kazav\u0161i da Turska podr\u017eava eroatlanski put BiH &#8220;\u0161to je razumljivo jer je i sama \u010dlanica NATO-a&#8221;.<\/p>\n<p>On je kazao i da su danas razumjeli da je jako va\u017eno \u0161to prije formirati vlast.<\/p>\n<p>Dodik je podsjetio i da BiH ima formalizovanu saradnju s NATO-om, prvenstveno kroz partnerstvo za mir.<\/p>\n<p>&#8220;Veoma je va\u017eno \u0161to smo danas ovdje postavili pitanje uklju\u010divanja BiH na Turski tok \u0161to \u0107e elimisati probeme i zaga\u0111enja&#8221;, rekao je Dodik podsjetiv\u0161i na zna\u010daj projekta Turski tok za ekonomski razvoj ali i ekologiju.<\/p>\n<p>Zahvalio je Erdoganu zbog zalaganja za stabilnost i mir u BiH i cijelom regionu.<\/p>\n<p>&#8220;Turska se prema cijeloj BiH odnosi na jednak na\u010din&#8221;, rekao je Dodik i podsjetio da turska Ziraat Banka djeluje u oba entiteta i nedavno je kupila obveznice Vlade entiteta RS \u0161to govori o ja\u010danju povjerenja.<\/p>\n<p>Dodik je pozvao Erdogana da u toku ove godine posjeti BiH.<\/p>\n<p>Predsjednik Republike Turske Recep Tayyip Erdogan i predsjedavaju\u0107i Predsjedni\u0161tva Bosne i Hercegovine Milorad Dodik potpisali su danas u Ankari revidirani Ugovor o slobodnoj trgovini izme\u0111u Turske i Bosne i Hercegovine.<\/p>\n<p>Predsjedavaju\u0107i i \u010dlan Predsjedni\u0161tva Bosne i Hercegovine Milorad Dodik i \u0160efik D\u017eaferovi\u0107 te predstavnik \u010dlana PSBiH \u017deljka Kom\u0161i\u0107a sastankom s predsjednikom Republike Turske Recepom Tayyipom Erdoganom zapo\u010deli su danas popodne zvani\u010dnu posjetu Ankari.<\/p>\n<p>Nakon ceremonije sve\u010danog do\u010deka uz vojne po\u010dasti ispred Predsjedni\u010dke pala\u010de u Ankari, uslijedio je sastanak \u010dlanova Predsjedni\u0161tva BiH s Erdoganom, nakon \u010dega je odr\u017ean i sastanak delegacija Turske i BiH.<\/p>\n<p>U fokusu razgovora tokom posjete bio je revidirani Ugovor o slobodnoj trgovini izme\u0111u BiH i Turske, koji je danas i potpisan.<\/p>\n<p>Potpisan je i Memorandum o razumijevanju u vezi s izgradnjom autoputa Beograd &#8211; Sarajevo, kojim je predvi\u0111ena dinamizacija procesa u izgradnji dijela puta koji prolazi kroz Bosnu i Hercegovinu.<\/p>\n","protected":false},"excerpt":{"rendered":"<p>Veliki putevi poput onoga koji \u0107e biti izgra\u0111en izme\u0111u Beogarad i Sarajeva, slu\u017ee da ljudi dolaze, a izgradnja autoputa Beograd-Sarajevo \u0107e biti doprinos Turske u smislu povezivanja Istoka i Zapada, izjavio je danas u Ankari predsjedavaju\u0107i Predsjedni\u0161tva BiH Milorad Dodik na zajedni\u010dkoj press konferenciji nakon sastanka s predsjednikom Turske Recepom Tayyipom Erdoganom, javlja Anadolu Agency [&hellip;]<\/p>\n","protected":false},"author":59,"featured_media":8397,"comment_status":"open","ping_status":"closed","sticky":false,"template":"","format":"standard","meta":{"inline_featured_image":false,"footnotes":""},"categories":[234],"tags":[],"class_list":{"0":"post-8396","1":"post","2":"type-post","3":"status-publish","4":"format-standard","5":"has-post-thumbnail","7":"category-politika"},"acf":[],"_links":{"self":[{"href":"https:\/\/tvsensor.com\/api\/wp\/v2\/posts\/8396","targetHints":{"allow":["GET"]}}],"collection":[{"href":"https:\/\/tvsensor.com\/api\/wp\/v2\/posts"}],"about":[{"href":"https:\/\/tvsensor.com\/api\/wp\/v2\/types\/post"}],"author":[{"embeddable":true,"href":"https:\/\/tvsensor.com\/api\/wp\/v2\/users\/59"}],"replies":[{"embeddable":true,"href":"https:\/\/tvsensor.com\/api\/wp\/v2\/comments?post=8396"}],"version-history":[{"count":1,"href":"https:\/\/tvsensor.com\/api\/wp\/v2\/posts\/8396\/revisions"}],"predecessor-version":[{"id":8398,"href":"https:\/\/tvsensor.com\/api\/wp\/v2\/posts\/8396\/revisions\/8398"}],"wp:featuredmedia":[{"embeddable":true,"href":"https:\/\/tvsensor.com\/api\/wp\/v2\/media\/8397"}],"wp:attachment":[{"href":"https:\/\/tvsensor.com\/api\/wp\/v2\/media?parent=8396"}],"wp:term":[{"taxonomy":"category","embeddable":true,"href":"https:\/\/tvsensor.com\/api\/wp\/v2\/categories?post=8396"},{"taxonomy":"post_tag","embeddable":true,"href":"https:\/\/tvsensor.com\/api\/wp\/v2\/tags?post=8396"}],"curies":[{"name":"wp","href":"https:\/\/api.w.org\/{rel}","templated":true}]}}