{"id":8393,"date":"2019-05-02T14:07:17","date_gmt":"2019-05-02T14:07:17","guid":{"rendered":"https:\/\/senzor.ba\/?p=8393"},"modified":"2024-01-15T21:48:24","modified_gmt":"2024-01-15T20:48:24","slug":"tuzlanka-proglasena-najinovativnijom-uciteljicom-u-bivsoj-jugoslaviji","status":"publish","type":"post","link":"https:\/\/tvsensor.com\/clanak\/tuzlanka-proglasena-najinovativnijom-uciteljicom-u-bivsoj-jugoslaviji\/","title":{"rendered":"Tuzlanka progla\u0161ena najinovativnijom u\u010diteljicom u biv\u0161oj Jugoslaviji"},"content":{"rendered":"<p><strong>Sanela Jaganjac<\/strong>\u00a0iz Tuzle progla\u0161ena je<strong>\u00a0najinovativnijom u\u010diteljicom za inkluziju na podru\u010dju biv\u0161e Jugoslavije<\/strong>, a pred njom se sada na\u0161ao jo\u0161 jedan izazov da se na\u0111e\u00a0<strong>i me\u0111u najboljim nastavnicima svijeta<\/strong>. Iako je kao prosvjetna radnica bila progla\u0161ena i tehnolo\u0161kim vi\u0161kom smatrala je da to ne treba utjecati na djecu te oni samo trebaju dobiti najbolje znanje. Sretna je \u0161to joj se njeni u\u010denici i danas javljaju, poput<strong>\u00a0Amile Jahi\u0107, Marine Kova\u010devi\u0107<\/strong>\u00a0i mnogi drugih koji ostvaruju sjajne rezultate te su \u0161kolovanje zavr\u0161ili s titulom zlatnih u\u010denika. Danas su uspje\u0161ni sportisti, gra\u0111ani u Tuzli, BiH i u inozemstvu.<\/p>\n<p>Nedavno je na vrata tuzlanske Osnovne \u0161kole Mejdan direktorici Saneli Jaganjac na vrata pokucao njen nekada\u0161nji u\u010denik<strong>\u00a0Eldar<\/strong>, koji je odrastao u Domu za djecu bez roditeljskog staranja. Danas veoma vrijedan ugostitelj do\u0161ao je po njen savjet\u00a0<strong>kako da potro\u0161i svoju prvu pla\u0107u<\/strong>\u00a0jer je u nju imao ogromno povjerenje.<\/p>\n<pre>Sanela Jaganjac tvrdi da inkluzija ne podrazumijeva samo obrazovanje za djecu s pote\u0161ko\u0107ama u razvoju nego da je\u00a0<strong>inkluzija ono \u0161to svako dijete treba,<\/strong>\u00a0a to su pa\u017enja, inovativan rad sa svakim djetetom te ljubav.<\/pre>\n<p>&#8220;Svako dijete na osnovu svojih sposobnosti pripada u\u010dionici. Inkluziju danas trebaju svi: djeca s pote\u0161ko\u0107ama u razvoju, djeca bez jednog ili oba roditelja, marginalizirana djeca, nadarena djeca i djeca slabijeg imovinskog stanja. Meni je specifi\u010dno da se kod nas govori uvijek o tome da je inkluzija rezervisana samo za djecu s pote\u0161ko\u0107ama&#8221;, ka\u017ee u\u010diteljica Jaganjac.<\/p>\n<p>Ona je od po\u010detka svog rada bila u inkluziji i to u Osnovnoj \u0161koli \u201eSimin Han\u201c koja je bila<strong>jedna od prvih eksperimentalnih \u0161kola u BiH za polje inkluzije.<\/strong><\/p>\n<p>&#8220;Borba je zaista bila borbena. Bilo je te\u0161ko jer su nam nedostajala nastavna pomagala, ud\u017ebenici. Ipak je to bilo 1997. godine kada smo nakon rata u svemu oskudijevali. Ali uspjeli smo. Znate kako? Voljom, \u017eeljom htjenjem i ljubavlju. Danas su to dobri i \u010destiti ljudi&#8221;, istaknula je u\u010diteljica Jaganjac.<\/p>\n<p>Iako djeca s pote\u0161ko\u0107ama trebaju asistenta, ona je kao u\u010diteljica nastojala uvijek za mali\u0161ane<strong>\u00a0posebno se pripremati i odvojiti svoje vrijeme za njih<\/strong>. Ka\u017ee, bila je svjesna, da i ta djeca \u017eele uspjeti i \u017eele rezultate, a \u0161ablonski rad u obrazovanju odmah je prekri\u017eila.<\/p>\n<blockquote><p>Iz njih sam samo \u017eeljela izvu\u0107i najbolje i nau\u010diti ih samouvjerenosti, pri\u010da u\u010diteljica Jaganjac.<\/p><\/blockquote>\n<p>Njen rad i osobno zalaganje za svako dijete prepoznaju brojni obrazovni stru\u010dnjaci iz svijeta.\u00a0<strong>U konkurenciji vi\u0161e od hiljadu nastavnika progla\u0161ena je najboljom<\/strong>\u00a0na Me\u0111unarodnoj konferenciji najboljih nastavnika biv\u0161e Jugoslavije ANN_EX_YU.<\/p>\n<p>&#8220;<strong>Moj najve\u0107i uspjeh su moja djeca<\/strong>. Ipak drago mi je da je moj rad prepoznat, da su me uop\u0107e prona\u0161li i da \u017eele sa mnom sura\u0111ivati. Ova me nagrada osna\u017eila i ohrabrila da i dalje svoj posao radim s ljubavlju. Ovo je jedan jak vjetar ili oluja u le\u0111a da moram i\u0107i dalje. Jer djeca u BiH su divna, njihovi uspjesi su sjajni ne samo u BiH nego rezultati su vidljivi i na me\u0111unarodnim takmi\u010denjima&#8221;, nagla\u0161ava sagovornica.<\/p>\n<p>Sanela Jaganjac svako jutro na posao dolazi u 7 sati i 20 minuta, a do 8 sati \u017eeli sa\u010dekati svako dijete u \u0161koli kako bi ih i sama poticala na rad i va\u017enost obrazovanja. Tako\u0111er,\u00a0<strong>svoje vrijeme posebno posve\u0107uje djeci romske nacionalnosti kako bi ih ohrabrila da ne izostaju s nastave.<\/strong><\/p>\n<p>&#8220;Ta djeca zaslu\u017euju posebne pohvale jer ne bilje\u017eimo izostanke. Veoma su uredni, upijaju znanje i stalno govore koliko im je va\u017eno \u0161kolovanje. Svaku djevoj\u010dicu posebno poznajem i \u010desto razgovaramo. Sada imamo djevoj\u010dice koje zavr\u0161avaju osnovnu \u0161kolu, a koje ve\u0107 planiraju upis na vi\u0161e \u0161kole. To je meni najve\u0107a satisfakcija u radu&#8221;, ka\u017ee u\u010diteljica Sanela Jaganjac \u010dija je vizija ostvariti misiju u\u010denice koja je dobila Nobelovu nagradu i rekla: \u201eJedna olovka, jedna gumica, jedna sveska i jedan u\u010ditelj mogu promijeniti svijet.\u201c<\/p>\n<p>Sanela Jaganjac svoj rad u prosvjeti kao u\u010diteljica po\u010dela je\u00a0<strong>1994. godine.<\/strong>\u00a0Bila je trenericom inkluzije za CIVITAS, trenerica Interaktivnih otvorenih \u0161kola za Osijek, Tuzlu i Novi Sad. Radila je u brojnim \u0161kolama, a u trenutku kada je progla\u0161ena tehnolo\u0161kim vi\u0161kom rodila je sina. Iako se u prvom trenutku osje\u0107ala odba\u010denom, shvatila je da od snova ne smije odustati te da svako dijete zaslu\u017euje kvalitetno obrazovanje, dobrog i posve\u0107enog nastavnika i u\u010ditelja. Sanela Jaganjac borila se i za bolji polo\u017eaj u\u010ditelja u obrazovanju. Danas je direktorica Osnovne \u0161kole Mejdan u Tuzli.<\/p>\n<p>radiosarajevo.ba<\/p>\n","protected":false},"excerpt":{"rendered":"<p>Sanela Jaganjac\u00a0iz Tuzle progla\u0161ena je\u00a0najinovativnijom u\u010diteljicom za inkluziju na podru\u010dju biv\u0161e Jugoslavije, a pred njom se sada na\u0161ao jo\u0161 jedan izazov da se na\u0111e\u00a0i me\u0111u najboljim nastavnicima svijeta. Iako je kao prosvjetna radnica bila progla\u0161ena i tehnolo\u0161kim vi\u0161kom smatrala je da to ne treba utjecati na djecu te oni samo trebaju dobiti najbolje znanje. Sretna [&hellip;]<\/p>\n","protected":false},"author":59,"featured_media":8394,"comment_status":"open","ping_status":"closed","sticky":false,"template":"","format":"standard","meta":{"inline_featured_image":false,"footnotes":""},"categories":[52],"tags":[],"class_list":{"0":"post-8393","1":"post","2":"type-post","3":"status-publish","4":"format-standard","5":"has-post-thumbnail","7":"category-obrazovanje"},"acf":[],"_links":{"self":[{"href":"https:\/\/tvsensor.com\/api\/wp\/v2\/posts\/8393","targetHints":{"allow":["GET"]}}],"collection":[{"href":"https:\/\/tvsensor.com\/api\/wp\/v2\/posts"}],"about":[{"href":"https:\/\/tvsensor.com\/api\/wp\/v2\/types\/post"}],"author":[{"embeddable":true,"href":"https:\/\/tvsensor.com\/api\/wp\/v2\/users\/59"}],"replies":[{"embeddable":true,"href":"https:\/\/tvsensor.com\/api\/wp\/v2\/comments?post=8393"}],"version-history":[{"count":1,"href":"https:\/\/tvsensor.com\/api\/wp\/v2\/posts\/8393\/revisions"}],"predecessor-version":[{"id":8395,"href":"https:\/\/tvsensor.com\/api\/wp\/v2\/posts\/8393\/revisions\/8395"}],"wp:featuredmedia":[{"embeddable":true,"href":"https:\/\/tvsensor.com\/api\/wp\/v2\/media\/8394"}],"wp:attachment":[{"href":"https:\/\/tvsensor.com\/api\/wp\/v2\/media?parent=8393"}],"wp:term":[{"taxonomy":"category","embeddable":true,"href":"https:\/\/tvsensor.com\/api\/wp\/v2\/categories?post=8393"},{"taxonomy":"post_tag","embeddable":true,"href":"https:\/\/tvsensor.com\/api\/wp\/v2\/tags?post=8393"}],"curies":[{"name":"wp","href":"https:\/\/api.w.org\/{rel}","templated":true}]}}