{"id":8371,"date":"2019-05-02T10:10:36","date_gmt":"2019-05-02T10:10:36","guid":{"rendered":"https:\/\/senzor.ba\/?p=8371"},"modified":"2024-01-15T21:48:26","modified_gmt":"2024-01-15T20:48:26","slug":"hej-grbavice-rano-ljuta-kako-je-poceo-rat-na-grbavici","status":"publish","type":"post","link":"https:\/\/tvsensor.com\/clanak\/hej-grbavice-rano-ljuta-kako-je-poceo-rat-na-grbavici\/","title":{"rendered":"Hej Grbavice, rano ljuta&#8230;: Kako je po\u010deo rat na Grbavici"},"content":{"rendered":"<p>Drugi maj 1992, datum je koji Sarajevo nikad ne\u0107e (i ne smije) zaboraviti.<\/p>\n<p>Bio je to dan kada su i oni koji nisu vjerovali da rat mo\u017ee do\u0107i u ovaj grad, povjerovali u nemogu\u0107e. Bio je to dan kada je Sarajevo gorilo i kada je \u2013 ve\u0107i njegov dio \u2013 spa\u0161en od agresorske okupacije.<\/p>\n<p>Ipak, jedno\u00a0<strong>njegovo naselje ostat \u0107e okupirano sve do kraja rata<\/strong>, a pri\u010da o okupaciji Grbavice po\u010dela je ba\u0161 tog 2. maja 1992 kada su pripadnici paravojne formacije \u201cBeli orlovi\u201d u\u0161etali na Grbavicu I i okupirali je bez borbe, branioci grada tog dana su u prvoj bici za Sarajevo spa\u0161avali Predsjedni\u0161tvo.<\/p>\n<p>Za one koji to ne znaju, podru\u010dje Grbavice I obuhvata dio grada od Vrbanja mosta pa do biv\u0161eg mosta Bratstva i Jedinstva (danas most u ulici Hamdije \u010cemerli\u0107a), gdje po\u010dinje Grbavica II koja zavr\u0161ava u ulici Topal Osman Pa\u0161e (ulica koja ide od \u017deljinog stadiona do mosta na &#8216;Socijalnom&#8217;). Granica je s jedne strane Miljacka, a s druge tranzitna cesta, danas Put mladih muslimana.<\/p>\n<p><iframe loading=\"lazy\" title=\"SARAJEVO, Grbavica 2. maj. 1992\" width=\"696\" height=\"392\" src=\"https:\/\/www.youtube.com\/embed\/sWrzSWRYJ-o?feature=oembed\" frameborder=\"0\" allow=\"accelerometer; autoplay; clipboard-write; encrypted-media; gyroscope; picture-in-picture\" allowfullscreen><\/iframe><\/p>\n<p>Autor koji je postavio ovaj snimak, ka\u017ee za okupaciju Grbavice I: \u201cIsto tako su krenuli na Trg (Trg Heroja, nekada\u0161nji Trg Pere Kosori\u0107a, op.a.), ali tada mnogi od njih nisu do\u017eivjeli sutra\u0161nji dan. Pre\u017eivjeli su se predali mole\u0107i JNA za pomo\u0107 i\u00a0<strong>na\u0111eni su skriveni u fri\u017eiderima slasti\u010darne Palma<\/strong>\u00a0(u naselju Hrasno). Milutin Kukanjac (komandant JNA) je poslao \u0161est transportera da izvuku tijela mrtvih i ranjenih \u0160e\u0161eljevih \u010detnika i Bijelih Orlova.\u201d<\/p>\n<p>Plan je bio, &#8220;presije\u0107i&#8221; Sarajevo na dvije polovine i potom zauzeti grad. Ova ideja, sre\u0107om, nije uspjela.<\/p>\n<p>Jedan od stanara Grbavice (podaci poznati Redakciji), koji \u0107e skoro cijeli rat provesti sklonjen u jednoj sobi svoga stana \u2013 nije se smjelo znati da je tu i porodica ga je krila \u201czbog sigurnosti\u201d, za na\u0161 portal govori kako su<strong>agresori u narednih mjesec dana pretr\u010davali iz Grbavice I u Grbavicu II<\/strong>\u00a0odakle su \u201cispaljivali zolje\u201d i povla\u010dili se prema Grbavici I i prema Vracama.<\/p>\n<p>\u010cetvrtog maja zapaljen je i stadion \u017deljezni\u010dara koji \u0107e tokom rata ostati \u201cprva borbena linija\u201d i njegov dobar dio \u0107e biti miniran. U plamenu je nestalo 316 pehara cjelokupnog Sportskog dru\u0161tva \u017deljezni\u010dar.<\/p>\n<p>Petog maja postavljena je i prva kontrolna barikada na mostu u Pofali\u0107ima (biv\u0161i Most Bratstva i Jedinstva).<\/p>\n<p>U narednim danima, ve\u0107ina stanovnika Grbavice bit \u0107e u podrumima. Kako ka\u017eu svjedoci ovih doga\u0111aja, \u201ctad jo\u0161 nije bilo deklarisanih agresora, svi smo i dalje bili &#8216;zajedno'\u201d. Neki od njih imali su i prijatelje u \u0161tabovima Teritorijalne odbrane ili u MUP-ovima. Otkrivaju nam da su im\u00a0<strong>svi izvori govorili da se ne brinu, da im agresori ne mogu ni\u0161ta<\/strong>, da se Grbavica nikad ne\u0107e predati. Jedan od zvani\u010dnika \u010dak je kazao i da, ako ih ugledaju, neprijatelje poliju vrelim uljem.<\/p>\n<p>Nakon Belih orlova, koji su se mogli prepoznati po bijelim trakama na rukama, na Grbavicu su stigle i tzv. \u201c<strong>crvene beretke<\/strong>\u201d. Svjedoci govore kako se osje\u0107aj u\u017easa sada ve\u0107 mogao pretpostaviti, i vi\u0161e niko nije ni izlazio iz domova \u2013 situacija se posmatrala kroz prozore.<\/p>\n<p>\u201cJoca\u201d, pripadnik jedinice\u00a0<strong>\u017deljka Ra\u017enatovi\u0107a Arkana<\/strong>\u00a0otkrio je kako su i oni stigli po\u010detkom maja u Sarajevo i skrivali su se u Policijskoj \u0161koli na Vracama. Zadatke o napadima i agresije su dobili od, kako ga on zove, \u201cdoma\u0107ina Kari\u0161ika\u201d: rije\u010d je o\u00a0<strong>Milenku Kari\u0161iku<\/strong>, komandantu Specijalne jedinice MUP-a RS-a.<\/p>\n<p>Maj \u0107e prote\u0107i u strahu i nevjerici. Najoprezniji ve\u0107 su po\u010deli napu\u0161tati domove.<\/p>\n<p>Ratna sudbina Grbavice bit \u0107e zape\u010da\u0107ena 5. juna 1992, kada je vojska JNA krenula s napu\u0161tanjem sarajevske kasarne Mar\u0161al Tito koja se nalazila u Pofali\u0107ima. Umjesto preko Dobrinje u Lukavicu, kako je bilo dogovoreno, dio vojnika iz ove kasarne na mostu &#8216;Socijalno&#8217; (pored zgrade Elektroprivrede) ulazi na Grbavicu II i ulicama Milutina \u0110ura\u0161kovi\u0107a (danas ulica Topal Osman Pa\u0161e) i Rave Jankovi\u0107 (danas ulica Behd\u017eeta Muteveli\u0107a) okupira ovo naselje.<\/p>\n<p>\u201cMunjevito su poiskakali iz kamiona i zaposjeli naselje koje je do tada bilo &#8216;ni\u010dija zemlja'\u201d, otkrivaju svjedoci.<\/p>\n<p>Pri\u010daju nam i kako su \u201c<strong>\u0161tab\u201d postavili u tzv. \u0160opingu<\/strong>\u00a0(neboderi na Grbavica II), gdje \u0107e komanda i ostati.<\/p>\n<p>\u201cBilo je tu i nekih vojnika JNA koji su pobjegli iz Hrvatske, a nakon Pofali\u0107ke bitke na Grbavicu su do\u0161li i\u00a0<strong>lokalni agresori<\/strong>\u00a0koji su nakon ove akcije pobjegli s pofali\u0107kog brda\u201d, govori nam jedan od svjedoka.<\/p>\n<p>Od ovog dana, Grbavica je i formalno sa svih strana pod obru\u010dem neprijatelja.<\/p>\n<p>\u201cU po\u010detku je bilo haoti\u010dno,\u00a0<strong>krali su sve \u0161to su stigli&#8230;<\/strong>a nisu to bili samo \u201cpla\u0107enici\u201d, bilo je i lokalnih stanovnika koji su u\u010destvovali u kra\u0111ama\u201d, prisje\u0107a se jedan stanovnik Grbavice pod \u010diji je prozor stigao jedan transporter, a vojnici su mu u stan u\u0161li kroz balkon.<\/p>\n<blockquote><p>Jo\u0161 jedno prisje\u0107anje ka\u017ee: \u201c&#8230;on, koji je uzeo pu\u0161ku prvog dana sad radi ne\u0161to u &#8216;zajedni\u010dkim institucijama&#8217; (zgrada Parlamenta na Marijin dvoru&#8230;i sam ka\u017ee: koja ironija, nema ni koja godina da sam pucao po ovoj istoj zgradi&#8230;\u201d.<\/p><\/blockquote>\n<p>Na samom po\u010detku okupacije, na ni\u0161anu neprijatelja bili su \u201c\u010disti\u201d bo\u0161nja\u010dki i hrvatski brakovi, mije\u0161ane brakove u po\u010detku nisu dirali. No, do kraja septembra 1992, ve\u0107 \u0107e svi koji nisu dijelili mi\u0161ljenje s politikom agresora biti neprijatelji.<\/p>\n<p>A zlo\u010dini po\u010dinju odmah po dolasku JNA na Grbavicu. Jedan od najpoznatijih zlo\u010dinaca,\u00a0<a title=\"\" href=\"https:\/\/www.radiosarajevo.ba\/novost\/107792\/veselin-vlahovic-batko-koljac-silovatelj-kukavica\" target=\"_blank\" rel=\"noopener\"><strong>Veselin Vlahovi\u0107 Batko<\/strong><\/a>\u00a014. juna 1992. strijeljao je zvijezdu sarajevskog rukometa, velikog \u010dovjeka,\u00a0<strong>Gorana \u010cengi\u0107a<\/strong>\u00a0te profesora\u00a0<strong>Husniju \u0106erimagi\u0107a<\/strong>, kom\u0161iju kojeg je Goran poku\u0161ao spasiti. Istog dana odveo je i 13 \u010dlanova porodice Pecar na prvu liniju \u2013 kraj Jevrejskog groblja, odakle \u0107e ih natjerati da tr\u010de preko miniranog polja. Upucat \u0107e potom 6-godi\u0161nju Azru Pecar i njenu nanu, a tri \u010dlana porodice bit \u0107e ranjena.<\/p>\n<p>Najbli\u017ei saradnik Batku\u00a0<strong>bio je Zoran Dragi\u010devi\u0107 zvani Krompir<\/strong>, koji je dobio 11 godina zatvora, zatim je tu\u00a0<strong>Sa\u0161a Bari\u010danin<\/strong>, osu\u0111en na 18 godina zatvora (u toku \u017ealbeni proces), te\u00a0<strong>Zoran Jeftimi\u0107 \u0106enta<\/strong>, kojeg je ubio osumnji\u010deni zlo\u010dinac\u00a0<strong>Dragi\u0161a Maleti\u0107<\/strong>, kako bi osvetio prijatelja, konobara kojeg je \u0106enta ubio jer ga pijanog nije htio poslu\u017eiti pi\u0107em. Batko je dobio 45 godina zatvora.<\/p>\n<p>Horori na okupiranoj Grbavici trajat \u0107e do 19. marta 1996, kada je naselje \u201cdeblokirano\u201d:<\/p>\n<p>\u201cJako se lo\u0161e \u010dovjek osje\u0107a kada vidite da ste bili negdje ne svojom krivicom,\u00a0<strong>od nekih ljudi ste progla\u0161eni okupatorom<\/strong>. Nastojim da \u0161to manje pri\u010dam jer sam pala u depresiju jedno vrijeme. \u010cula sam glasove. Onaj ko nije bio ovdje to ne mo\u017ee da razumije. Ka\u017eem uvijek, Sarajevu je bilo te\u017ee \u0161to se ti\u010de granata i ranjavanja, ali ovdje je bilo psihi\u010dki u\u017easno, zaista u\u017easno\u201d, govori Emira Fra\u0161to, koja je tako\u0111er pre\u017eivjela okupaciju Grbavice.<\/p>\n<p>radiosarajevo.ba<\/p>\n<p>&nbsp;<\/p>\n","protected":false},"excerpt":{"rendered":"<p>Drugi maj 1992, datum je koji Sarajevo nikad ne\u0107e (i ne smije) zaboraviti. Bio je to dan kada su i oni koji nisu vjerovali da rat mo\u017ee do\u0107i u ovaj grad, povjerovali u nemogu\u0107e. Bio je to dan kada je Sarajevo gorilo i kada je \u2013 ve\u0107i njegov dio \u2013 spa\u0161en od agresorske okupacije. Ipak, [&hellip;]<\/p>\n","protected":false},"author":59,"featured_media":8372,"comment_status":"open","ping_status":"closed","sticky":false,"template":"","format":"standard","meta":{"inline_featured_image":false,"footnotes":""},"categories":[47],"tags":[],"class_list":{"0":"post-8371","1":"post","2":"type-post","3":"status-publish","4":"format-standard","5":"has-post-thumbnail","7":"category-historija"},"acf":[],"_links":{"self":[{"href":"https:\/\/tvsensor.com\/api\/wp\/v2\/posts\/8371","targetHints":{"allow":["GET"]}}],"collection":[{"href":"https:\/\/tvsensor.com\/api\/wp\/v2\/posts"}],"about":[{"href":"https:\/\/tvsensor.com\/api\/wp\/v2\/types\/post"}],"author":[{"embeddable":true,"href":"https:\/\/tvsensor.com\/api\/wp\/v2\/users\/59"}],"replies":[{"embeddable":true,"href":"https:\/\/tvsensor.com\/api\/wp\/v2\/comments?post=8371"}],"version-history":[{"count":2,"href":"https:\/\/tvsensor.com\/api\/wp\/v2\/posts\/8371\/revisions"}],"predecessor-version":[{"id":35673,"href":"https:\/\/tvsensor.com\/api\/wp\/v2\/posts\/8371\/revisions\/35673"}],"wp:featuredmedia":[{"embeddable":true,"href":"https:\/\/tvsensor.com\/api\/wp\/v2\/media\/8372"}],"wp:attachment":[{"href":"https:\/\/tvsensor.com\/api\/wp\/v2\/media?parent=8371"}],"wp:term":[{"taxonomy":"category","embeddable":true,"href":"https:\/\/tvsensor.com\/api\/wp\/v2\/categories?post=8371"},{"taxonomy":"post_tag","embeddable":true,"href":"https:\/\/tvsensor.com\/api\/wp\/v2\/tags?post=8371"}],"curies":[{"name":"wp","href":"https:\/\/api.w.org\/{rel}","templated":true}]}}