{"id":8365,"date":"2019-05-02T10:01:21","date_gmt":"2019-05-02T10:01:21","guid":{"rendered":"https:\/\/senzor.ba\/?p=8365"},"modified":"2024-01-15T21:48:26","modified_gmt":"2024-01-15T20:48:26","slug":"focanska-ljepotica-ponovo-u-punom-sjaju","status":"publish","type":"post","link":"https:\/\/tvsensor.com\/clanak\/focanska-ljepotica-ponovo-u-punom-sjaju\/","title":{"rendered":"Fo\u010danska ljepotica ponovo u punom sjaju"},"content":{"rendered":"<p>Fo\u010danska ljepotica, Alad\u017ea d\u017eamija, u subotu, \u0107e ponovno zablistati punim sjajem.\u00a0Radovi na d\u017eamiji privedeni su kraju i pred otvorenje\u00a04. maja radi se na finaliziranju detalja u \u0161to se uvjerila i ekipa Anadolu Agency (AA).\u00a0Na oslikavanju unutra\u0161njeg dijela obnovljene Alad\u017ee radio je i tim iz Istanbula.<\/p>\n<p>Dio ukrasa oko prozora d\u017eamije ostavljen je u izvornom stanju i jedan je od podsjetnika na historiju ove bogomolje, zna\u010dajne ne samo za vjernike u fo\u010danskom kraju, nego i cijele BiH pa i \u0161ire.<\/p>\n<p>Organizatori o\u010dekuju dolazak nekoliko hiljada vjernika iz cijele BiH, ali i visoke doma\u0107e i me\u0111unarodne zvani\u010dnike te predstavnike Turske i SAD-a, dr\u017eava koje su pomogle i finansirale realizaciju ovog veoma zna\u010dajnog i zahtjevnog projekta.<\/p>\n<p>Najavljena su obra\u0107anja predstavnika lokalne zajednice, gora\u017edanskog muftije, Vakufskih direkcija BiH i Turske Senaida Zajimovi\u0107a i Adnana Ertema, potom ambasadora SAD-a u BiH Ericka Nelsona, ministra kulture\u00a0Turske Mehmeta Nuri Ersoya, kao i predramazanska poruka reisu-l- uleme IZ BiH Huseina ef. Kavazovi\u0107a.<\/p>\n<p>Nakon vi\u0161e od \u010detvrt stolje\u0107a otkako je do temelja poru\u0161ena fo\u010danska ljepotica, d\u017eamija koja je uvr\u0161tena u kulturnu ba\u0161tinu Bosne i Hercegovine i listu spomenika svjetske ba\u0161tine pri UNESCO-u, ponovno \u0107e biti otvorena za sve vjernike.<\/p>\n<p>Alad\u017ea ponovno krasi Fo\u010du zahvaljuju\u0107i Generalnoj direkciji vakufa Republike Turske, Vakufskoj direkciji Islamske zajednice u BiH (IZ BiH), te radnicima preduze\u0107a koji su radili na ponovnoj izgradnji.<\/p>\n<p>Ranije je najavljeno i da \u0107e centralni program obilje\u017eavanja 27. no\u0107i razamaza biti odr\u017ean u Alad\u017ei.<\/p>\n<p>Srpske vlasti su 1992. godine minirale Alad\u017eu d\u017eamiju, a zatim njene ostatke zatrpale zemljom na gradskim smetlji\u0161tima. Sagra\u0111ena je polovinom 16. stolje\u0107a i va\u017eila je za jedan od najvrjednijih objekata orijentalne kulture na Balkanu.<\/p>\n<p>Alad\u017eu je 1549. godine izgradio Hasan Nezir, bliski saradnik Mimara Sinana. Radovi na obnovi zvani\u010dno su po\u010deli 2014. godine.<\/p>\n<p>Med\u017elis Islamske zajednice Fo\u010da je u gradu do 1992. godine imao 12 d\u017eamija. Sve su poru\u0161ene, minirane, a njihovi ostaci su uklonjeni. Dosad su obnovljene i otvorene Atik Ali-pa\u0161ina d\u017eamija i Careva d\u017eamija.<\/p>\n","protected":false},"excerpt":{"rendered":"<p>Fo\u010danska ljepotica, Alad\u017ea d\u017eamija, u subotu, \u0107e ponovno zablistati punim sjajem.\u00a0Radovi na d\u017eamiji privedeni su kraju i pred otvorenje\u00a04. maja radi se na finaliziranju detalja u \u0161to se uvjerila i ekipa Anadolu Agency (AA).\u00a0Na oslikavanju unutra\u0161njeg dijela obnovljene Alad\u017ee radio je i tim iz Istanbula. Dio ukrasa oko prozora d\u017eamije ostavljen je u izvornom stanju [&hellip;]<\/p>\n","protected":false},"author":59,"featured_media":8366,"comment_status":"open","ping_status":"closed","sticky":false,"template":"","format":"standard","meta":{"inline_featured_image":false,"footnotes":""},"categories":[57],"tags":[],"class_list":{"0":"post-8365","1":"post","2":"type-post","3":"status-publish","4":"format-standard","5":"has-post-thumbnail","7":"category-religija"},"acf":[],"_links":{"self":[{"href":"https:\/\/tvsensor.com\/api\/wp\/v2\/posts\/8365","targetHints":{"allow":["GET"]}}],"collection":[{"href":"https:\/\/tvsensor.com\/api\/wp\/v2\/posts"}],"about":[{"href":"https:\/\/tvsensor.com\/api\/wp\/v2\/types\/post"}],"author":[{"embeddable":true,"href":"https:\/\/tvsensor.com\/api\/wp\/v2\/users\/59"}],"replies":[{"embeddable":true,"href":"https:\/\/tvsensor.com\/api\/wp\/v2\/comments?post=8365"}],"version-history":[{"count":1,"href":"https:\/\/tvsensor.com\/api\/wp\/v2\/posts\/8365\/revisions"}],"predecessor-version":[{"id":8367,"href":"https:\/\/tvsensor.com\/api\/wp\/v2\/posts\/8365\/revisions\/8367"}],"wp:featuredmedia":[{"embeddable":true,"href":"https:\/\/tvsensor.com\/api\/wp\/v2\/media\/8366"}],"wp:attachment":[{"href":"https:\/\/tvsensor.com\/api\/wp\/v2\/media?parent=8365"}],"wp:term":[{"taxonomy":"category","embeddable":true,"href":"https:\/\/tvsensor.com\/api\/wp\/v2\/categories?post=8365"},{"taxonomy":"post_tag","embeddable":true,"href":"https:\/\/tvsensor.com\/api\/wp\/v2\/tags?post=8365"}],"curies":[{"name":"wp","href":"https:\/\/api.w.org\/{rel}","templated":true}]}}