{"id":8353,"date":"2019-05-01T18:18:45","date_gmt":"2019-05-01T18:18:45","guid":{"rendered":"https:\/\/senzor.ba\/?p=8353"},"modified":"2024-01-15T21:48:26","modified_gmt":"2024-01-15T20:48:26","slug":"covic-formirao-vladu-tzv-herceg-bosne","status":"publish","type":"post","link":"https:\/\/tvsensor.com\/clanak\/covic-formirao-vladu-tzv-herceg-bosne\/","title":{"rendered":"\u010covi\u0107 formirao vladu tzv. Herceg-Bosne?!"},"content":{"rendered":"<p>&#8220;Razgovarali smo o vru\u0107im temama, o\u017eivljavanju tre\u0107eg entiteta.\u00a0<strong>\u010covi\u0107 mi je rekao da Hrvati ne kane praviti tre\u0107i entitet<\/strong>\u00a0i jedino lo\u0161a bo\u0161nja\u010dka politika ih mo\u017ee okrenuti u tom smjeru&#8221;, kazao je\u00a0<strong>Bakir Izetbegovi\u0107<\/strong>, predsjednik SDA 10. aprila ove godine.<\/p>\n<p><em><strong>Pi\u0161e: Faruk Vele<\/strong><\/em><\/p>\n<p>Samo dvadesetak dana kasnije, u sjeni prvomajskih uranaka, novi-stari lider HDZ-a je, a nakon osnivanja Hrvatskog narodnog sabora (HNS), krenuo, izgleda, i u formiranje svojevrsne vlade HNS-a. Ili tzv. Herceg-Bosne, svejedno.<\/p>\n<p>Sve je to mirno ispratilo ono \u0161to se zove (ili se zvalo) politi\u010dko Sarajevo, te, naravno, me\u0111unarodna zajednica, u koju se jo\u0161 sasvim naivni uzdaju.<\/p>\n<h4><strong>Plan B<\/strong><\/h4>\n<p>\u0160est mjeseci nakon Op\u0107ih izbora Vije\u0107e ministara BiH i Vlada FBiH nisu formirani, pa se pragmati\u010dnom i in\u017einjerski preciznom \u010covi\u0107u ova trenutak \u010dinio kao zgodna prilika.<\/p>\n<p>Plan B?<\/p>\n<p>Ima ona izreka &#8211; ako ne\u0161to izgleda kao koko\u0161, kokoda\u010de kao koko\u0161, nosi jaja, onda je vjerovatno koko\u0161.<\/p>\n<p>Tako je i sa vladama. Ako ne\u0161to izgleda kao vlada, ako je \u010dine imenovani ljudi, ako se tako predstavlja i donosi odre\u0111ene odluke, na konkretnom prostoru i za konkretne ljude&#8230;, onda sigurno nije koko\u0161.<\/p>\n<p>Te\u0161ko da se ovdje bilo \u0161ta mo\u017ee prigovoriti Draganu \u010covi\u0107u. \u010covjek o svemu otvoreno govori. Ve\u0107 odavno. U januaru je rekao da \u201eHerceg-Bosna ostaje na\u0161a opcija\u201c, a ve\u0107 27. marta na zvani\u010dnoj obnovi stare ideje poru\u010dio da \u201euve\u017eemo sve \u0161to nosi ime Herceg-Bosne\u201c.<\/p>\n<p>\u0160tavi\u0161e, HDZ je na 13. izbornom saboru HDZ-a BiH usvojio dokument u kojem se zvani\u010dno konstatira da \u0107e se zalagati za podjelu BiH na\u00a0<strong>tri administrativno-teritorijalne jedinice, te Sarajevo kao distrikt.<\/strong><\/p>\n<p>Potom 30. aprila sti\u017ee zaklju\u010dak:<\/p>\n<p>\u201ePredsjedni\u0161tvo Hrvatskog narodnog sabora danas je zasjedalo u Mostaru te je raspravljalo o funkcioniranju Glavnog vije\u0107a, odjela u Glavnom vije\u0107u i aktualnoj politi\u010dkoj situaciju u BiH. Predsjedni\u0161tvo je danas imenovalo voditelje Odjela Glavnog vije\u0107a u prijelaznom razdoblju s obzirom da je pred Odjelima odre\u0111en broj aktivnosti\u201c, saop\u0107eno je iz HNS-a.<\/p>\n<p>Na istoj sjednici\u00a0<strong>Predsjedni\u0161tvo Hrvatskog narodnog sabora imenovalo voditelje odjela Glavnog vije\u0107a HNS-a. Sve je to zabilje\u017eeno i prigodnom fotografijom. \u00a0O \u010demu je rije\u010d jasno je i analizom biografija imenovanih.<\/strong><\/p>\n<p>Tako je predsjednik Glavnog vije\u0107a HNS-a je dr.\u00a0<strong>Bo\u017eo Ljubi\u0107<\/strong>, ina\u010de zastupnik Sabora Republike Hrvatske, biv\u0161i ministar i dr\u017eavni poslanik u BiH.<\/p>\n<p>Voditelji odjela Glavnog vije\u0107a Hrvatskog narodnog sabora su: Odjel za ustavno-pravna pitanja \u2013\u00a0<strong>Bari\u0161a \u010colak<\/strong>\u00a0(biv\u0161i dr\u017eavni ministar pravde i aktuelni zamjenik predsjedavaju\u0107eg Doma naroda),\u00a0 Odjel za financijska pitanja \u2013\u00a0<strong>Vjekoslav Bevanda<\/strong>(ministar finansija BiH), Odjel gospodarstva\u00a0<strong>Ljiljana Lovri\u0107<\/strong>, Odjel za prostorno planiranje, gra\u0111enje, infrastrukturu i komunikacije\u00a0<strong>Stjepan Krasi\u0107<\/strong>, Odjel za me\u0111unarodne odnose\u00a0<strong>Josip Brki\u0107<\/strong>\u00a0(zamjenik ministra vanjskih poslova BiH), Odjel za znanost i obrazovanje\u00a0<strong>Ivo \u010colak\u00a0<\/strong>(prorektor za znanost i razvitak Sveu\u010dili\u0161ta u Mostaru), Odjel za kulturu, medije, sport i informiranje\u00a0<strong>Ivan Vukoja<\/strong>, Odjel za branitelje HVO-a i Domovinski rat\u00a0<strong>Vlado D\u017eoi\u0107\u00a0<\/strong>(biv\u0161i glavni tajnik HDZ-a BiH), Odjel za analitiku i nacionalnu sigurnost \u2013\u00a0<strong>Mijo Kre\u0161i\u0107<\/strong>\u00a0(zamjenik ministra sigurnosti BiH), Odjel za iseljeni\u0161tvo \u2013\u00a0<strong>Niko Maru\u0161i\u0107<\/strong>, Odjel za II. Svjetski rat i pora\u0107e \u2013 Mile Pu\u0161i\u0107 (ispred Udruge dragovoljaca i veterana Domovinskog rata HVO HB), Odjel za socijalna pitanja i koordinaciju civilnog nevladinog sektora \u2013\u00a0<strong>Bojan Domi\u0107.<\/strong><\/p>\n<p>Tajnik Glavnog vije\u0107a je\u00a0<strong>Josip Merd\u017eo.<\/strong><\/p>\n<h4><strong>Slu\u010daj Kre\u0161i\u0107<\/strong><\/h4>\n<p><strong>Posebno je zanimljivo da je Mijo Kre\u0161i\u0107, zamjenik ministra sigurnosti i jedan od glavnih aktera afere \u201eSelefije\u201c imenovan na \u010delo Odjel za analitiku i nacionalnu sigurnost.<\/strong><\/p>\n<p>Istovremeno, dok Predsjedni\u0161tvo BiH zadu\u017euje Ministarstvo vanjskih poslova BiH, ono isto gdje sjedi Josip Brki\u0107, da uputi protestnu notu Hrvatskoj zbog ove afere, HDZ i \u010covi\u0107 odlu\u010dili da nagrade\u00a0 Kre\u0161i\u0107a. Ni, ovdje nema ni\u0161ta nejasno.<\/p>\n<p>Jedino je nejasna tzv. probosanska politika.<\/p>\n<p>Da li je iskrena ona politika Sarajeva kada zamjenik predsjednika vode\u0107e bo\u0161nja\u010dke stranke\u00a0<strong>Adil Osmanovi\u0107<\/strong>\u00a0ka\u017ee da je \u201e<strong>SDA bila, danas je i bit \u0107e partner HDZ-u ne samo u koaliranju za uspostavljanje vlasti\u201c,<\/strong>\u00a0te da su\u00a0<strong>\u201eSDA i HDZ u koaliciji dugi niz godina, \u0161to nas obavezuje da razmi\u0161ljamo druga\u010dije, odgovornije od onih koji ne bi voljeli da nas vide zajedno\u201c<\/strong>, ili politika neke za\u0161tite interesa dr\u017eave BiH koja ukazuje na agresivni pristup Zagreba i antidr\u017eavnu politiku HDZ-a BiH, sve \u0107e vam se samo kazati.<\/p>\n<p>Mo\u017eda je vrijeme za mrvu iskrenosti prema gra\u0111anima ove zemlje?<\/p>\n<p>radiosarajevo.ba<\/p>\n","protected":false},"excerpt":{"rendered":"<p>&#8220;Razgovarali smo o vru\u0107im temama, o\u017eivljavanju tre\u0107eg entiteta.\u00a0\u010covi\u0107 mi je rekao da Hrvati ne kane praviti tre\u0107i entitet\u00a0i jedino lo\u0161a bo\u0161nja\u010dka politika ih mo\u017ee okrenuti u tom smjeru&#8221;, kazao je\u00a0Bakir Izetbegovi\u0107, predsjednik SDA 10. aprila ove godine. Pi\u0161e: Faruk Vele Samo dvadesetak dana kasnije, u sjeni prvomajskih uranaka, novi-stari lider HDZ-a je, a nakon osnivanja [&hellip;]<\/p>\n","protected":false},"author":59,"featured_media":8354,"comment_status":"open","ping_status":"closed","sticky":false,"template":"","format":"standard","meta":{"inline_featured_image":false,"footnotes":""},"categories":[76],"tags":[],"class_list":{"0":"post-8353","1":"post","2":"type-post","3":"status-publish","4":"format-standard","5":"has-post-thumbnail","7":"category-kolumne"},"acf":[],"_links":{"self":[{"href":"https:\/\/tvsensor.com\/api\/wp\/v2\/posts\/8353","targetHints":{"allow":["GET"]}}],"collection":[{"href":"https:\/\/tvsensor.com\/api\/wp\/v2\/posts"}],"about":[{"href":"https:\/\/tvsensor.com\/api\/wp\/v2\/types\/post"}],"author":[{"embeddable":true,"href":"https:\/\/tvsensor.com\/api\/wp\/v2\/users\/59"}],"replies":[{"embeddable":true,"href":"https:\/\/tvsensor.com\/api\/wp\/v2\/comments?post=8353"}],"version-history":[{"count":2,"href":"https:\/\/tvsensor.com\/api\/wp\/v2\/posts\/8353\/revisions"}],"predecessor-version":[{"id":8356,"href":"https:\/\/tvsensor.com\/api\/wp\/v2\/posts\/8353\/revisions\/8356"}],"wp:featuredmedia":[{"embeddable":true,"href":"https:\/\/tvsensor.com\/api\/wp\/v2\/media\/8354"}],"wp:attachment":[{"href":"https:\/\/tvsensor.com\/api\/wp\/v2\/media?parent=8353"}],"wp:term":[{"taxonomy":"category","embeddable":true,"href":"https:\/\/tvsensor.com\/api\/wp\/v2\/categories?post=8353"},{"taxonomy":"post_tag","embeddable":true,"href":"https:\/\/tvsensor.com\/api\/wp\/v2\/tags?post=8353"}],"curies":[{"name":"wp","href":"https:\/\/api.w.org\/{rel}","templated":true}]}}