{"id":8350,"date":"2019-05-01T18:12:27","date_gmt":"2019-05-01T18:12:27","guid":{"rendered":"https:\/\/senzor.ba\/?p=8350"},"modified":"2024-01-15T21:48:26","modified_gmt":"2024-01-15T20:48:26","slug":"dokument-hdz-a-bih-urediti-u-tri-teritorijalne-jedinice","status":"publish","type":"post","link":"https:\/\/tvsensor.com\/clanak\/dokument-hdz-a-bih-urediti-u-tri-teritorijalne-jedinice\/","title":{"rendered":"Dokument HDZ-a: BiH urediti u tri teritorijalne jedinice"},"content":{"rendered":"<div class=\"main-article-text-wrapper\">\n<p>Nu\u017enost preustroja BiH u cilju izgradnje dr\u017eave po mjeri svih triju konstitutivnih naroda, ure\u0111enje sredi\u0161nje razine vlasti kroz najmanje tri teritorijalne jedinice, kao i potreba dono\u0161enja takvih rje\u0161enja koja \u0107e osigurati ustavnu i stvarnu jednakopravnost, samo su neki od ciljeva nazna\u010denih u programskom dokumentu usvojenom na 13. izbornom saboru HDZ-a BiH, prenosi Ve\u010dernji list.<\/p>\n<p>Ovaj list objavio je klju\u010dne ciljeve koji su nazna\u010deni u dokumentu, a me\u0111u kojima je najvi\u0161e prostora posve\u0107eno upravo tematici ustavnog preustroja zemlje; tako se u dijelu dokumenta, koji nosi naslov \u201cBosna i Hercegovina\u201d, podsje\u0107a da je Daytonski mirovni sporazum zaustavio rat i omogu\u0107io mir pod patronatom me\u0111unarodne zajednice, ali nije osigurao izgradnju demokratske i samoodr\u017eive BiH.<\/p>\n<p>Kad je rije\u010d o konkretnim vi\u0111enjima ustroja zemlje, uz jasno upu\u0107enu poruku kako se HDZ zala\u017ee za BiH kao zajednicu triju potpuno ravnopravnih, suverenih i konstitutivnih naroda Hrvata, Srba i Bo\u0161njaka organiziranu na trima razinama vlasti, obja\u0161njava se da svaka od tih razina treba imati zakonodavnu, sudsku i izvr\u0161nu vlast, pri \u010demu se sredi\u0161nja razina treba ustrojiti s najmanje trima ustavno-administrativnim jedinicama (teritorijalne), a Sarajevo kao glavni grad BiH ustrojiti kao distrikt.<\/p>\n<p>U kontekstu na\u010dina ustroja ovih jedinica obja\u0161njava se kako bi iste trebale imati mogu\u0107nost diskontinuiteta teritorija, a same bi se jedinice trebale utemeljiti na nacionalnom gospodarskom i kulturnom na\u010delu s istovjetnim na\u010dinom definiranja i ostvarivanja prava naroda, nacionalnih manjina i gra\u0111ana.<\/p>\n<p>Dio dokumenta posve\u0107en je i lokalnim zajednicama, odnosno ure\u0111enju istih, pri \u010demu se jasno navodi da Mostar, Travnik i Banja Luka trebaju biti ure\u0111eni na istim na\u010delima, uz podsje\u0107anje da Sarajevo treba biti ustrojeno kao distrikt, prenosi Ve\u010dernji list.<\/p>\n<\/div>\n<div id=\"intext_1\" class=\"banner-billboard\"><\/div>\n<div class=\"fb-comments fb_iframe_widget fb_iframe_widget_fluid_desktop\"><\/div>\n","protected":false},"excerpt":{"rendered":"<p>Nu\u017enost preustroja BiH u cilju izgradnje dr\u017eave po mjeri svih triju konstitutivnih naroda, ure\u0111enje sredi\u0161nje razine vlasti kroz najmanje tri teritorijalne jedinice, kao i potreba dono\u0161enja takvih rje\u0161enja koja \u0107e osigurati ustavnu i stvarnu jednakopravnost, samo su neki od ciljeva nazna\u010denih u programskom dokumentu usvojenom na 13. izbornom saboru HDZ-a BiH, prenosi Ve\u010dernji list. Ovaj [&hellip;]<\/p>\n","protected":false},"author":59,"featured_media":8351,"comment_status":"open","ping_status":"closed","sticky":false,"template":"","format":"standard","meta":{"inline_featured_image":false,"footnotes":""},"categories":[234],"tags":[],"class_list":{"0":"post-8350","1":"post","2":"type-post","3":"status-publish","4":"format-standard","5":"has-post-thumbnail","7":"category-politika"},"acf":[],"_links":{"self":[{"href":"https:\/\/tvsensor.com\/api\/wp\/v2\/posts\/8350","targetHints":{"allow":["GET"]}}],"collection":[{"href":"https:\/\/tvsensor.com\/api\/wp\/v2\/posts"}],"about":[{"href":"https:\/\/tvsensor.com\/api\/wp\/v2\/types\/post"}],"author":[{"embeddable":true,"href":"https:\/\/tvsensor.com\/api\/wp\/v2\/users\/59"}],"replies":[{"embeddable":true,"href":"https:\/\/tvsensor.com\/api\/wp\/v2\/comments?post=8350"}],"version-history":[{"count":1,"href":"https:\/\/tvsensor.com\/api\/wp\/v2\/posts\/8350\/revisions"}],"predecessor-version":[{"id":8352,"href":"https:\/\/tvsensor.com\/api\/wp\/v2\/posts\/8350\/revisions\/8352"}],"wp:featuredmedia":[{"embeddable":true,"href":"https:\/\/tvsensor.com\/api\/wp\/v2\/media\/8351"}],"wp:attachment":[{"href":"https:\/\/tvsensor.com\/api\/wp\/v2\/media?parent=8350"}],"wp:term":[{"taxonomy":"category","embeddable":true,"href":"https:\/\/tvsensor.com\/api\/wp\/v2\/categories?post=8350"},{"taxonomy":"post_tag","embeddable":true,"href":"https:\/\/tvsensor.com\/api\/wp\/v2\/tags?post=8350"}],"curies":[{"name":"wp","href":"https:\/\/api.w.org\/{rel}","templated":true}]}}