{"id":8338,"date":"2019-05-01T17:56:53","date_gmt":"2019-05-01T17:56:53","guid":{"rendered":"https:\/\/senzor.ba\/?p=8338"},"modified":"2024-01-15T21:48:27","modified_gmt":"2024-01-15T20:48:27","slug":"asistent-na-fpn-jasmin-hasanovic-radnicka-klasa-u-bih-robuje-ali-nije-mrtva","status":"publish","type":"post","link":"https:\/\/tvsensor.com\/clanak\/asistent-na-fpn-jasmin-hasanovic-radnicka-klasa-u-bih-robuje-ali-nije-mrtva\/","title":{"rendered":"Asistent na FPN Jasmin Hasanovi\u0107: Radni\u010dka klasa u BiH robuje, ali nije mrtva"},"content":{"rendered":"<p>Jedan je od rijetkih nau\u010dnika \u010diji su predmet interesovanja radnici. Njegov akademski i dru\u0161tveni aktivizam ima za cilj da\u00a0<strong>uka\u017ee na katastrofalan polo\u017eaj<\/strong>\u00a0radnika i svakog drugog \u010dovjeka koji je egzistencijalno ugro\u017een.<\/p>\n<p>Nije intelektualac koji se uklapa u tradicionalne kalupe. Njegov pristup studentima je\u00a0<strong>prijateljski, a predavanja inovativna<\/strong>.<\/p>\n<p>Slijede\u0107i svoje ljevi\u010darske ideale, \u010desto ga je mogu\u0107e\u00a0<strong>vidjeti na protestima odnosno kao u\u010desnika javnih debata<\/strong>\u00a0o najva\u017enijim dru\u0161tvenim pitanjima.<\/p>\n<p>Svoje stavove iznosi<strong>\u00a0bez straha i razumljivo<\/strong>\u00a0za ve\u0107inu ljudi. Tako je govorio i za portal\u00a0<em><strong>Radiosarajevo.ba<\/strong><\/em>\u00a0povodom Me\u0111unarodnog dana rada asistent na Fakultetu politi\u010dkih nauka<strong>\u00a0Jasmin Hasanovi\u0107<\/strong>.<\/p>\n<figure class=\"img-inline\">\n<p><figure style=\"width: 1180px\" class=\"wp-caption alignnone\"><img decoding=\"async\" src=\"https:\/\/storage.radiosarajevo.ba\/\/image\/455942\/1180x732\/Jasmin_Hasanovic_Asistent_FPN_Sarajevo_Foto_ADK4.jpg\" alt=\"Asistent na FPN Sarajevo Jasmin Hasanovi\u0107 - undefined\" \/><figcaption class=\"wp-caption-text\">Foto: Admir Kuburovi\u0107 \/ Radiosarajevo.ba: Asistent na FPN Sarajevo Jasmin Hasanovi\u0107<\/figcaption><\/figure><\/figure>\n<p>Stanje u kojem radni\u010dka klasa u Bosni i Hercegovini do\u010dekuje ovogodi\u0161nji 1. maj je opisao sljede\u0107im rije\u010dima:<\/p>\n<blockquote><p>&#8220;To je stanje u kojem nemaju sindikata. Stanje u kojem nemaju adresu da se \u017eale zbog kr\u0161enja radni\u010dkih prava. Stanje u kojem jednostavno ne mogu osje\u0107ati radnicima, ve\u0107 prije robovima koji se moraju boriti za svoju \u017eivotnu egzistenciju&#8221;.<\/p><\/blockquote>\n<p>Smatra da je\u00a0<strong>pitanje radni\u010dkih prava u Bosni i Hercegovini kompromitirano<\/strong>\u00a0jer je duboko politizirano i ispolitizirano.<\/p>\n<p>Ocijenio je da su radnici bez sindikata suo\u010deni s kr\u0161enjem njihovih prava primorani da budu konformisti dodav\u0161i:<\/p>\n<blockquote><p>&#8220;Govorimo o velikim privrednim \u010dudima kao \u0161to je Gora\u017ede, ali niko ne govori kako radnici rade u tom privrednom \u010dudu. Svi govorimo da trebamo kupovati doma\u0107e proizvode, ali niko ne govori o dva klju\u010dna problema. Jedan je u kakvim uslovima rade ljudi koji proizvode. I mo\u017eda jo\u0161 bitnije kada su te firme nastajale i ko su ti uspje\u0161ni privrednici, poduzetnici koji upravljaju tim firmama &#8211; da parafraziram\u00a0<strong>Karla Marxa<\/strong>: Na koji na\u010din su akumulirali svoj kapital. Da se ne la\u017eemo, to se sve desilo u periodu 90-ih godina koji se predominantno koristi desnom retorikom obja\u0161njavanja &#8211; pitanja stvaranja dr\u017eave i sli\u010dno.&#8221;<\/p><\/blockquote>\n<figure class=\"img-inline\">\n<p><figure style=\"width: 1180px\" class=\"wp-caption alignnone\"><img decoding=\"async\" src=\"https:\/\/storage.radiosarajevo.ba\/\/image\/455943\/1180x732\/Jasmin_Hasanovic_Asistent_FPN_Sarajevo_Foto_ADK5.jpg\" alt=\"Asistent na FPN Sarajevo Jasmin Hasanovi\u0107 - undefined\" \/><figcaption class=\"wp-caption-text\">Foto: Admir Kuburovi\u0107 \/ Radiosarajevo.ba: Asistent na FPN Sarajevo Jasmin Hasanovi\u0107<\/figcaption><\/figure><\/figure>\n<p>Kako je kazao Hasanovi\u0107 za portal\u00a0<em><strong>Radiosarajevo.ba<\/strong><\/em>, ne samo da je\u00a0<strong>sindikat suodgovoran za masovno iseljavanje<\/strong>\u00a0ljudi iz Bosne i Hercegovine, ve\u0107 i sve one\u00a0<strong>politi\u010dke stranke<\/strong>\u00a0koje se deklari\u0161u kao radni\u010dkim.<\/p>\n<blockquote><p>&#8220;One to nisu. Svojim politikama, stavovima i dealovima, malverzacijama su radni\u010dku klasu prepustili na milost i nemilost onih koji su akumulirali kapital 90-ih godina&#8221;, istakao je.<\/p><\/blockquote>\n<p>Na pitanje da li uop\u0161te postoji radni\u010dka klasa, odgovorio je:<\/p>\n<blockquote><p>&#8220;Mislim da je to pitanje samog rada. Imamo razli\u010dite nove oblike rada i proizvode rada koji su nematerijalni. Promjenom logike rada i radnih odnosa, mijenja se definicija rada kao takvog. U definiranju radni\u010dke klase smo zarobljeni, naro\u010dito ljevica, zami\u0161ljaju\u0107i radnika u industrijskom pogonu. Danas postoji \u0161irok spektar radnika koji su nastali zbog odnosa kapitala kakvi jesu.&#8221;<\/p><\/blockquote>\n<p>Razgovor je zaklju\u010dio konstatacijom da se<strong>\u00a0radni\u010dka klasa samo utopila u mno\u0161tvo identiteta<\/strong>\u00a0koji su se posebno reproducirali tokom 60-ih godina pro\u0161log vijeka.<\/p>\n<p>radiosarajevo.ba<\/p>\n","protected":false},"excerpt":{"rendered":"<p>Jedan je od rijetkih nau\u010dnika \u010diji su predmet interesovanja radnici. Njegov akademski i dru\u0161tveni aktivizam ima za cilj da\u00a0uka\u017ee na katastrofalan polo\u017eaj\u00a0radnika i svakog drugog \u010dovjeka koji je egzistencijalno ugro\u017een. Nije intelektualac koji se uklapa u tradicionalne kalupe. Njegov pristup studentima je\u00a0prijateljski, a predavanja inovativna. Slijede\u0107i svoje ljevi\u010darske ideale, \u010desto ga je mogu\u0107e\u00a0vidjeti na protestima [&hellip;]<\/p>\n","protected":false},"author":59,"featured_media":8339,"comment_status":"open","ping_status":"closed","sticky":false,"template":"","format":"standard","meta":{"inline_featured_image":false,"footnotes":""},"categories":[75],"tags":[],"class_list":{"0":"post-8338","1":"post","2":"type-post","3":"status-publish","4":"format-standard","5":"has-post-thumbnail","7":"category-intervju"},"acf":[],"_links":{"self":[{"href":"https:\/\/tvsensor.com\/api\/wp\/v2\/posts\/8338","targetHints":{"allow":["GET"]}}],"collection":[{"href":"https:\/\/tvsensor.com\/api\/wp\/v2\/posts"}],"about":[{"href":"https:\/\/tvsensor.com\/api\/wp\/v2\/types\/post"}],"author":[{"embeddable":true,"href":"https:\/\/tvsensor.com\/api\/wp\/v2\/users\/59"}],"replies":[{"embeddable":true,"href":"https:\/\/tvsensor.com\/api\/wp\/v2\/comments?post=8338"}],"version-history":[{"count":1,"href":"https:\/\/tvsensor.com\/api\/wp\/v2\/posts\/8338\/revisions"}],"predecessor-version":[{"id":8340,"href":"https:\/\/tvsensor.com\/api\/wp\/v2\/posts\/8338\/revisions\/8340"}],"wp:featuredmedia":[{"embeddable":true,"href":"https:\/\/tvsensor.com\/api\/wp\/v2\/media\/8339"}],"wp:attachment":[{"href":"https:\/\/tvsensor.com\/api\/wp\/v2\/media?parent=8338"}],"wp:term":[{"taxonomy":"category","embeddable":true,"href":"https:\/\/tvsensor.com\/api\/wp\/v2\/categories?post=8338"},{"taxonomy":"post_tag","embeddable":true,"href":"https:\/\/tvsensor.com\/api\/wp\/v2\/tags?post=8338"}],"curies":[{"name":"wp","href":"https:\/\/api.w.org\/{rel}","templated":true}]}}