{"id":8335,"date":"2019-05-01T17:52:38","date_gmt":"2019-05-01T17:52:38","guid":{"rendered":"https:\/\/senzor.ba\/?p=8335"},"modified":"2024-01-15T21:48:27","modified_gmt":"2024-01-15T20:48:27","slug":"radnici-iz-bih-grade-najvecu-zgradu-u-njemackoj","status":"publish","type":"post","link":"https:\/\/tvsensor.com\/clanak\/radnici-iz-bih-grade-najvecu-zgradu-u-njemackoj\/","title":{"rendered":"Radnici iz BiH grade najve\u0107u zgradu u Njema\u010dkoj"},"content":{"rendered":"<h4>Zbog pove\u0107anja obima posla i novog ugovora vezanog uz projekt \u201cGrand Tower Frankfurt\u201d firma Poltec d.o.o. tra\u017ei 50 radnika u na\u0161oj zemlji, pi\u0161e BiznisInfo.<\/h4>\n<p>Tra\u017ee se bravari i monteri aluminijskih fasada. Smje\u0161taj i hrana su osigurani.<\/p>\n<p title=\"\"><img decoding=\"async\" class=\"aligncenter size-full wp-image-76488 no-display appear\" src=\"https:\/\/i2.wp.com\/www.biznisinfo.ba\/wp-content\/uploads\/2019\/04\/grand-tower2.jpg?resize=700%2C441&amp;ssl=1\" srcset=\"https:\/\/i2.wp.com\/www.biznisinfo.ba\/wp-content\/uploads\/2019\/04\/grand-tower2.jpg?w=700&amp;ssl=1 700w, https:\/\/i2.wp.com\/www.biznisinfo.ba\/wp-content\/uploads\/2019\/04\/grand-tower2.jpg?resize=300%2C189&amp;ssl=1 300w, https:\/\/i2.wp.com\/www.biznisinfo.ba\/wp-content\/uploads\/2019\/04\/grand-tower2.jpg?resize=103%2C65&amp;ssl=1 103w, https:\/\/i2.wp.com\/www.biznisinfo.ba\/wp-content\/uploads\/2019\/04\/grand-tower2.jpg?resize=351%2C221&amp;ssl=1 351w, https:\/\/i2.wp.com\/www.biznisinfo.ba\/wp-content\/uploads\/2019\/04\/grand-tower2.jpg?resize=343%2C215&amp;ssl=1 343w, https:\/\/i2.wp.com\/www.biznisinfo.ba\/wp-content\/uploads\/2019\/04\/grand-tower2.jpg?resize=163%2C102&amp;ssl=1 163w\" alt=\"\" \/><\/p>\n<p>Zanimljivo je da \u0107e \u201cGrand Tower Frankfurt\u201d biti najve\u0107a stambena zgrada u cijeloj Njema\u010dkoj, prema informacijama investitora ali i prema podacima koji se mogu prona\u0107i na internetu.<\/p>\n<p>Objekat \u0107e biti visok 172 metra, a imat \u0107e, osim prizemlja, jo\u0161 47 spratova, navodi se na zvani\u010dnoj stranici\u00a0<a href=\"http:\/\/www.grandtower-frankfurt.com\/1\/\" target=\"_blank\" rel=\"noopener\"><strong>\u201cGrand Tower Frankfurt<\/strong><\/a>\u201d projekta.<\/p>\n<p>Kada je rije\u010d o firmi Poltec d.o.o, na njenoj stranici se navodi da je generalni zastupnik firme\u00a0<strong>H\u00f6rmann KG<\/strong>\u00a0za BiH i ovla\u0161teni za Republiku Hrvatsku. Firma je registrovana u Mostaru.<\/p>\n<p><img decoding=\"async\" class=\"aligncenter size-full wp-image-76489 no-display appear\" src=\"https:\/\/i0.wp.com\/www.biznisinfo.ba\/wp-content\/uploads\/2019\/04\/grand-tower1.jpg?resize=700%2C525&amp;ssl=1\" srcset=\"https:\/\/i0.wp.com\/www.biznisinfo.ba\/wp-content\/uploads\/2019\/04\/grand-tower1.jpg?w=700&amp;ssl=1 700w, https:\/\/i0.wp.com\/www.biznisinfo.ba\/wp-content\/uploads\/2019\/04\/grand-tower1.jpg?resize=300%2C225&amp;ssl=1 300w\" alt=\"\" \/><\/p>\n<p>Svi zainteresirani radnici mogu se javiti na:\u00a0<a href=\"mailto:dragan.zeco@poltec.ba\">dragan.zeco@poltec.ba<\/a>.<\/p>\n","protected":false},"excerpt":{"rendered":"<p>Zbog pove\u0107anja obima posla i novog ugovora vezanog uz projekt \u201cGrand Tower Frankfurt\u201d firma Poltec d.o.o. tra\u017ei 50 radnika u na\u0161oj zemlji, pi\u0161e BiznisInfo. Tra\u017ee se bravari i monteri aluminijskih fasada. Smje\u0161taj i hrana su osigurani. Zanimljivo je da \u0107e \u201cGrand Tower Frankfurt\u201d biti najve\u0107a stambena zgrada u cijeloj Njema\u010dkoj, prema informacijama investitora ali i [&hellip;]<\/p>\n","protected":false},"author":59,"featured_media":8336,"comment_status":"open","ping_status":"closed","sticky":false,"template":"","format":"standard","meta":{"inline_featured_image":false,"footnotes":""},"categories":[39],"tags":[],"class_list":{"0":"post-8335","1":"post","2":"type-post","3":"status-publish","4":"format-standard","5":"has-post-thumbnail","7":"category-dijaspora"},"acf":[],"_links":{"self":[{"href":"https:\/\/tvsensor.com\/api\/wp\/v2\/posts\/8335","targetHints":{"allow":["GET"]}}],"collection":[{"href":"https:\/\/tvsensor.com\/api\/wp\/v2\/posts"}],"about":[{"href":"https:\/\/tvsensor.com\/api\/wp\/v2\/types\/post"}],"author":[{"embeddable":true,"href":"https:\/\/tvsensor.com\/api\/wp\/v2\/users\/59"}],"replies":[{"embeddable":true,"href":"https:\/\/tvsensor.com\/api\/wp\/v2\/comments?post=8335"}],"version-history":[{"count":2,"href":"https:\/\/tvsensor.com\/api\/wp\/v2\/posts\/8335\/revisions"}],"predecessor-version":[{"id":35674,"href":"https:\/\/tvsensor.com\/api\/wp\/v2\/posts\/8335\/revisions\/35674"}],"wp:featuredmedia":[{"embeddable":true,"href":"https:\/\/tvsensor.com\/api\/wp\/v2\/media\/8336"}],"wp:attachment":[{"href":"https:\/\/tvsensor.com\/api\/wp\/v2\/media?parent=8335"}],"wp:term":[{"taxonomy":"category","embeddable":true,"href":"https:\/\/tvsensor.com\/api\/wp\/v2\/categories?post=8335"},{"taxonomy":"post_tag","embeddable":true,"href":"https:\/\/tvsensor.com\/api\/wp\/v2\/tags?post=8335"}],"curies":[{"name":"wp","href":"https:\/\/api.w.org\/{rel}","templated":true}]}}