{"id":8331,"date":"2019-05-01T17:48:15","date_gmt":"2019-05-01T17:48:15","guid":{"rendered":"https:\/\/senzor.ba\/?p=8331"},"modified":"2024-01-15T21:48:27","modified_gmt":"2024-01-15T20:48:27","slug":"hahn-vrijeme-je-da-se-zapadni-balkan-pridruzi-eu","status":"publish","type":"post","link":"https:\/\/tvsensor.com\/clanak\/hahn-vrijeme-je-da-se-zapadni-balkan-pridruzi-eu\/","title":{"rendered":"Hahn: Vrijeme je da se zapadni Balkan pridru\u017ei EU"},"content":{"rendered":"<p class=\"story-lead\">Povjerenik Europske unije za pro\u0161irenje Johannes Hahn smatra da je do\u0161lo vrijeme da se integracijom zapadnog Balkana dovr\u0161i proces ujedinjenja Europe.<\/p>\n<p>Hahn je to napisao na Twitter nalogu u povodu obilje\u017eavanja 15 godina od prijema u EU deset zemalja srednje i isto\u010dne Europe, dodaju\u0107i da je to ambiciozan projekt zasnovan na &#8220;zajedni\u010dkim naporima i zajedni\u010dkoj viziji kako bi se osigurali mir, prosperitet i sigurnost za sve gra\u0111ane EU&#8221;.<\/p>\n<p>&#8220;Ova vizija se ostvarila i vrijeme je da gledamo naprijed i finaliziramo povijesni projekt ujedinjenja Europe integracijom zapadnog Balkana. Siguran sam da \u0107e uz zajedni\u010dke napore to biti uspje\u0161na pri\u010da za obje strane. Zajedno smo ja\u010di&#8221;, napisao je Hahn.<\/p>\n<blockquote class=\"twitter-tweet\" data-width=\"550\" data-dnt=\"true\">\n<p lang=\"en\" dir=\"ltr\">Today we celebrate 15 years of <a href=\"https:\/\/twitter.com\/hashtag\/EU?src=hash&amp;ref_src=twsrc%5Etfw\">#EU<\/a> <a href=\"https:\/\/twitter.com\/hashtag\/Enlargement?src=hash&amp;ref_src=twsrc%5Etfw\">#Enlargement<\/a>, an ambitious project based on joint efforts and a common vision: to re-unite the <a href=\"https:\/\/twitter.com\/hashtag\/European?src=hash&amp;ref_src=twsrc%5Etfw\">#European<\/a> continent and to safeguard peace, prosperity and security for all <a href=\"https:\/\/twitter.com\/hashtag\/EU?src=hash&amp;ref_src=twsrc%5Etfw\">#EU<\/a> citizens. 1\/2<\/p>\n<p>&mdash; Johannes Hahn (@JHahnEU) <a href=\"https:\/\/twitter.com\/JHahnEU\/status\/1123522698313908224?ref_src=twsrc%5Etfw\">May 1, 2019<\/a><\/p><\/blockquote>\n<p><script async src=\"https:\/\/platform.twitter.com\/widgets.js\" charset=\"utf-8\"><\/script><\/p>\n<blockquote class=\"twitter-tweet\" data-width=\"550\" data-dnt=\"true\">\n<p lang=\"en\" dir=\"ltr\">This vision came true and now is the time to look forward and to finalise the historic project of <a href=\"https:\/\/twitter.com\/hashtag\/European?src=hash&amp;ref_src=twsrc%5Etfw\">#European<\/a> unification by integrating the <a href=\"https:\/\/twitter.com\/hashtag\/WesternBalkans?src=hash&amp;ref_src=twsrc%5Etfw\">#WesternBalkans<\/a>. I am sure that &#8211; with joint efforts &#8211; it will be a success story, too, for both sides! <a href=\"https:\/\/twitter.com\/hashtag\/EU?src=hash&amp;ref_src=twsrc%5Etfw\">#EU<\/a> &#8211; <a href=\"https:\/\/twitter.com\/hashtag\/WB?src=hash&amp;ref_src=twsrc%5Etfw\">#WB<\/a>: stronger together! 2\/2<\/p>\n<p>&mdash; Johannes Hahn (@JHahnEU) <a href=\"https:\/\/twitter.com\/JHahnEU\/status\/1123522423142408192?ref_src=twsrc%5Etfw\">May 1, 2019<\/a><\/p><\/blockquote>\n<p><script async src=\"https:\/\/platform.twitter.com\/widgets.js\" charset=\"utf-8\"><\/script><\/p>\n","protected":false},"excerpt":{"rendered":"<p>Povjerenik Europske unije za pro\u0161irenje Johannes Hahn smatra da je do\u0161lo vrijeme da se integracijom zapadnog Balkana dovr\u0161i proces ujedinjenja Europe. Hahn je to napisao na Twitter nalogu u povodu obilje\u017eavanja 15 godina od prijema u EU deset zemalja srednje i isto\u010dne Europe, dodaju\u0107i da je to ambiciozan projekt zasnovan na &#8220;zajedni\u010dkim naporima i zajedni\u010dkoj [&hellip;]<\/p>\n","protected":false},"author":59,"featured_media":8332,"comment_status":"open","ping_status":"closed","sticky":false,"template":"","format":"standard","meta":{"inline_featured_image":false,"footnotes":""},"categories":[41],"tags":[],"class_list":{"0":"post-8331","1":"post","2":"type-post","3":"status-publish","4":"format-standard","5":"has-post-thumbnail","7":"category-svijet"},"acf":[],"_links":{"self":[{"href":"https:\/\/tvsensor.com\/api\/wp\/v2\/posts\/8331","targetHints":{"allow":["GET"]}}],"collection":[{"href":"https:\/\/tvsensor.com\/api\/wp\/v2\/posts"}],"about":[{"href":"https:\/\/tvsensor.com\/api\/wp\/v2\/types\/post"}],"author":[{"embeddable":true,"href":"https:\/\/tvsensor.com\/api\/wp\/v2\/users\/59"}],"replies":[{"embeddable":true,"href":"https:\/\/tvsensor.com\/api\/wp\/v2\/comments?post=8331"}],"version-history":[{"count":2,"href":"https:\/\/tvsensor.com\/api\/wp\/v2\/posts\/8331\/revisions"}],"predecessor-version":[{"id":8334,"href":"https:\/\/tvsensor.com\/api\/wp\/v2\/posts\/8331\/revisions\/8334"}],"wp:featuredmedia":[{"embeddable":true,"href":"https:\/\/tvsensor.com\/api\/wp\/v2\/media\/8332"}],"wp:attachment":[{"href":"https:\/\/tvsensor.com\/api\/wp\/v2\/media?parent=8331"}],"wp:term":[{"taxonomy":"category","embeddable":true,"href":"https:\/\/tvsensor.com\/api\/wp\/v2\/categories?post=8331"},{"taxonomy":"post_tag","embeddable":true,"href":"https:\/\/tvsensor.com\/api\/wp\/v2\/tags?post=8331"}],"curies":[{"name":"wp","href":"https:\/\/api.w.org\/{rel}","templated":true}]}}