{"id":8303,"date":"2019-05-01T09:44:58","date_gmt":"2019-05-01T09:44:58","guid":{"rendered":"https:\/\/senzor.ba\/?p=8303"},"modified":"2024-01-15T21:48:28","modified_gmt":"2024-01-15T20:48:28","slug":"video-nele-karajlic-opet-o-bih-ovo-je-prostor-jednog-tragicnog-nesporazuma","status":"publish","type":"post","link":"https:\/\/tvsensor.com\/clanak\/video-nele-karajlic-opet-o-bih-ovo-je-prostor-jednog-tragicnog-nesporazuma\/","title":{"rendered":"(VIDEO) Nele Karajli\u0107 opet o BiH: Ovo je prostor jednog tragi\u010dnog nesporazuma"},"content":{"rendered":"<p><strong>Nenad Jankovi\u0107, poznatiji kao Nele Karajli\u0107<\/strong>, gostovao je na ATV-u u emisiji 1 na 1, a svojim izjavama ponovo je potvrdio da osoba koja je postao danas nema apsolutno nikakve veze s nekim davnim, biv\u0161im \u010dovjekom kojeg smo mislili da poznajemo.<\/p>\n<p>&#8220;BiH je bila omiljeni koncept Nadrealista, sve \u0161to smo pravili, pravili smo da to nekako namjestimo u BiH, jer je imala dobar ambijent za dobru \u0161alu i kad ka\u017eete BiH, uvijek imam u glavi &#8211; mora da je neka provala i neki cirkus&#8221;, po\u010dinje Karajli\u0107 pri\u010du, zbog koje je\u00a0<em>Slobodna Bosna<\/em>\u00a0napisala da je\u00a0<strong>&#8220;puk'o ko lubenica&#8221;<\/strong>.<\/p>\n<p>Dodao je Nenad i da je\u00a0ovo\u00a0<strong>prostor jednog tragi\u010dnog nesporazuma<\/strong>\u00a0(&#8230;) i da se njemu pokazala sva besmislenost rata (&#8230;).<\/p>\n<p>&#8220;Sad vidimo da je to prostor jednog tragi\u010dnog nesporazuma. Sad se vidi da je rat bio potpuno besmislen, da ni\u0161ta nije dao, da niko ni\u0161ta nije dobio osim me\u0111unarodne zajednice u koju se odselilo oko 800 hiljada visokoobrazovanih i kreativnih ljudi. To je BiH danas sa realne ta\u010dke gledali\u0161ta, i ona nema nekakvu budu\u0107nost ukoliko se ne do\u0111e &#8220;do pameti&#8221;. Pamet bi trebala da bude neki ozbiljan dijalog izme\u0111u te tri strane u kojoj o\u010digledno samo jedna strana ima punu svijest, o tome \u0161ta se de\u0161ava, a to su Srbi, a druge dvije strane o\u010dekuju podr\u0161ku sa strane, a ne znaju da ih ta podr\u0161ka koristi samo za svoje ciljeve&#8221;, obja\u0161njava Karajli\u0107.<\/p>\n<p>Sve stvari oko politike u &#8220;Nadrealistima&#8221; sam ja pisao, ka\u017ee Karajli\u0107, te nastavlja:<\/p>\n<p>&#8220;<strong>Meni iz Sarajeva zamjeraju \u0161to sam sa sobom ponio jedan mali kofer u kojem je bio \u010ditav njihov identitet<\/strong>, jer sve \u0161to je biv\u0161a Jugoslavija znala o Sarajevu, uglavnom je znala preko &#8220;Nadrealista i &#8220;Zabranjenog pu\u0161enja&#8221;. &#8220;Zabranjeno pu\u0161enje&#8221; i &#8220;Nadrealisti&#8221; su sinonom Sarajeva, neraskidivo tijelo, i sad kada vi promovi\u0161ete u cijeloj Jugoslaviji tako, da cijela Jugoslavija zna taj grad i kad izbije rat i kada se bore za &#8220;urbani&#8221; identitet, a glavni tip koji je to napravio odlazi sa koferom u ruci, onda je logi\u010dno da oni tog \u010dovjeka \u017eele ili da zaborave ili da uni\u0161te&#8221;, poja\u0161njava Nele.<\/p>\n<p>Karajli\u0107 ka\u017ee da je\u00a0<strong>osobina &#8220;sarajevske \u010dar\u0161ije<\/strong>\u00a0da govore jedno, rade drugo, a misle tre\u0107e&#8221;\u2026<\/p>\n<p>&#8220;Govore jedno, rade drugo, a misle tre\u0107e &#8211; filozofija u Sarajevu, ta osobina \u010dar\u0161ije je mo\u017eda i najve\u0107a prepreka u komunikaciji sa Banjalukom. Srbi su mogli da vjeruju i bili otvoreni, od 1918. i bili fer, a sad je stvar ve\u0107 do Sarajeva i politi\u010dke elite da shvate da ne mo\u017ee tom taktikom. Sada imate Dodika koji ka\u017ee &#8220;sad ne mo\u017ee, \u0161to si me folirao, folirao si me&#8221;, i najzanimljivije je kod Dodika \u0161to je danas jedni politi\u010dar u biv\u0161oj Jugosalviji \u0161to, kada je po\u010deo rat, nije bio na vlasti i to je dvostruki problem onima \u0161to razgovaraju sa njima&#8221;, isti\u010de Jankovi\u0107, alias Karajli\u0107.<\/p>\n<p>Zapravo,\u00a0<strong>Nele je toliko puta spomenuo Sarajevo<\/strong>\u00a0da se na dru\u0161tvenim mre\u017eama ve\u0107 prili\u010dno zezaju na tu temu.<\/p>\n<p>Uostalom, pogledajte:<\/p>\n<p><iframe loading=\"lazy\" title=\"1 na 1, gost dr Nele Karajli\u0107\" width=\"696\" height=\"392\" src=\"https:\/\/www.youtube.com\/embed\/bedwy3mqHl0?feature=oembed\" frameborder=\"0\" allow=\"accelerometer; autoplay; clipboard-write; encrypted-media; gyroscope; picture-in-picture\" allowfullscreen><\/iframe><\/p>\n","protected":false},"excerpt":{"rendered":"<p>Nenad Jankovi\u0107, poznatiji kao Nele Karajli\u0107, gostovao je na ATV-u u emisiji 1 na 1, a svojim izjavama ponovo je potvrdio da osoba koja je postao danas nema apsolutno nikakve veze s nekim davnim, biv\u0161im \u010dovjekom kojeg smo mislili da poznajemo. &#8220;BiH je bila omiljeni koncept Nadrealista, sve \u0161to smo pravili, pravili smo da to [&hellip;]<\/p>\n","protected":false},"author":59,"featured_media":8305,"comment_status":"open","ping_status":"closed","sticky":false,"template":"","format":"standard","meta":{"inline_featured_image":false,"footnotes":""},"categories":[75],"tags":[],"class_list":{"0":"post-8303","1":"post","2":"type-post","3":"status-publish","4":"format-standard","5":"has-post-thumbnail","7":"category-intervju"},"acf":[],"_links":{"self":[{"href":"https:\/\/tvsensor.com\/api\/wp\/v2\/posts\/8303","targetHints":{"allow":["GET"]}}],"collection":[{"href":"https:\/\/tvsensor.com\/api\/wp\/v2\/posts"}],"about":[{"href":"https:\/\/tvsensor.com\/api\/wp\/v2\/types\/post"}],"author":[{"embeddable":true,"href":"https:\/\/tvsensor.com\/api\/wp\/v2\/users\/59"}],"replies":[{"embeddable":true,"href":"https:\/\/tvsensor.com\/api\/wp\/v2\/comments?post=8303"}],"version-history":[{"count":1,"href":"https:\/\/tvsensor.com\/api\/wp\/v2\/posts\/8303\/revisions"}],"predecessor-version":[{"id":8306,"href":"https:\/\/tvsensor.com\/api\/wp\/v2\/posts\/8303\/revisions\/8306"}],"wp:featuredmedia":[{"embeddable":true,"href":"https:\/\/tvsensor.com\/api\/wp\/v2\/media\/8305"}],"wp:attachment":[{"href":"https:\/\/tvsensor.com\/api\/wp\/v2\/media?parent=8303"}],"wp:term":[{"taxonomy":"category","embeddable":true,"href":"https:\/\/tvsensor.com\/api\/wp\/v2\/categories?post=8303"},{"taxonomy":"post_tag","embeddable":true,"href":"https:\/\/tvsensor.com\/api\/wp\/v2\/tags?post=8303"}],"curies":[{"name":"wp","href":"https:\/\/api.w.org\/{rel}","templated":true}]}}