{"id":8296,"date":"2019-05-01T09:24:04","date_gmt":"2019-05-01T09:24:04","guid":{"rendered":"https:\/\/senzor.ba\/?p=8296"},"modified":"2024-01-15T21:48:28","modified_gmt":"2024-01-15T20:48:28","slug":"clanovi-predsjednistva-bih-sutra-u-zvanicnoj-posjeti-turskoj","status":"publish","type":"post","link":"https:\/\/tvsensor.com\/clanak\/clanovi-predsjednistva-bih-sutra-u-zvanicnoj-posjeti-turskoj\/","title":{"rendered":"\u010clanovi Predsjedni\u0161tva BiH sutra u zvani\u010dnoj posjeti Turskoj"},"content":{"rendered":"<p class=\"story-lead\">Predsjedavaju\u0107i Predsjedni\u0161tva Bosne i Hercegovine Milorad Dodik i \u010dlan Predsjedni\u0161tva BiH \u0160efik D\u017eaferovi\u0107, te predstavnik \u010dlana Predsjedni\u0161tva \u017deljka Kom\u0161i\u0107a boravit \u0107e sutra u zvani\u010dnoj posjeti Turskoj, na poziv predsjednika te zemlje Recepa Tayyipa Erdogana.<\/p>\n<p>U fokusu razgovora tokom posjete bi\u0107e revidirani Ugovor o slobodnoj trgovini izme\u0111u BiH i Turske, koji \u0107e, kako je novinarima u Sarajevu potvrdio D\u017eaferovi\u0107, biti i potpisan.<\/p>\n<p>D\u017eaferovi\u0107 je izrazio i o\u010dekivanje da \u0107e biti potpisan Protokol o izgradnji autoputa Beograd &#8211; Sarajevo, na \u010demu u Predsjedni\u0161tvu BiH i sa Republikom Turskom, kako je rekao, intenzivno rade.<\/p>\n<p>Kako su za AA potvrdili diplomatski izvori, protokol koji se odnosi na izgradnju autoputa izme\u0111u Srbije i Bosne i Hercegovine, trebao bi doprinijeti dinamizaciji procesa u BiH kada je u pitanju izgradnja dijela puta kroz ovu zemlju.<\/p>\n<p>&#8211; BiH izna\u0161la konsenzus o trasi autoputa Sarajevo &#8211; Beograd &#8211;<\/p>\n<p>\u010clanovi Predsjedni\u0161tva BiH Milorad Dodik i \u0160efik D\u017eaferovi\u0107 upoznali su 17. aprila u Sarajevu potpredsjednika Republike Turske Fuata Oktaya da je BiH izna\u0161la konsenzus o sveobuhvatnoj trasi autoputa Sarajevo &#8211; Beograd i tom prilikom se zahvalili na spremnosti Republike Turske da pomogne da se ova dva grada \u0161to prije pove\u017eu izgradnjom prometnice, kroz finansiranje turske strane i zainteresiranost turskih gra\u0111evinskih kompanija da se uklju\u010de i brzo obave izgradnju.<br \/>\nDodik i D\u017eaferovi\u0107 su zahvalili potpredsjedniku Oktayu, koji je boravio u jednodnevnoj posjeti BiH, za odluku Vlade Republike Turske da odobri bescarinski uvoz 15.000 tona mesa i mesnih prera\u0111evina iz BiH, \u0161to se tretira kao pomo\u0107 BiH nakon poplava iz 2014. godine.<\/p>\n<p>&#8211; Obim trgovinske razmjene da prema\u0161i milijardu dolara &#8211;<\/p>\n<p>U tom kontekstu, potpredsjednik Turske Fuat Oktay je potcrtao da Turska i dalje stoji pri kvoti za uvoz bh. mesa, te da \u0161to prije \u017eeli vidjeti ratifikaciju revidiranog Ugovora o slobodnoj trgovini izme\u0111u Bosne i Hercegovine i Republike Turske, zahvaljuju\u0107i kojem bi trgovinska razmjena izme\u0111u dviju prijateljskih zemalja ubrzo mogla dosti\u0107i obim ve\u0107i i od milijardu ameri\u010dkih dolara.<\/p>\n","protected":false},"excerpt":{"rendered":"<p>Predsjedavaju\u0107i Predsjedni\u0161tva Bosne i Hercegovine Milorad Dodik i \u010dlan Predsjedni\u0161tva BiH \u0160efik D\u017eaferovi\u0107, te predstavnik \u010dlana Predsjedni\u0161tva \u017deljka Kom\u0161i\u0107a boravit \u0107e sutra u zvani\u010dnoj posjeti Turskoj, na poziv predsjednika te zemlje Recepa Tayyipa Erdogana. U fokusu razgovora tokom posjete bi\u0107e revidirani Ugovor o slobodnoj trgovini izme\u0111u BiH i Turske, koji \u0107e, kako je novinarima u [&hellip;]<\/p>\n","protected":false},"author":59,"featured_media":8297,"comment_status":"open","ping_status":"closed","sticky":false,"template":"","format":"standard","meta":{"inline_featured_image":false,"footnotes":""},"categories":[234],"tags":[],"class_list":{"0":"post-8296","1":"post","2":"type-post","3":"status-publish","4":"format-standard","5":"has-post-thumbnail","7":"category-politika"},"acf":[],"_links":{"self":[{"href":"https:\/\/tvsensor.com\/api\/wp\/v2\/posts\/8296","targetHints":{"allow":["GET"]}}],"collection":[{"href":"https:\/\/tvsensor.com\/api\/wp\/v2\/posts"}],"about":[{"href":"https:\/\/tvsensor.com\/api\/wp\/v2\/types\/post"}],"author":[{"embeddable":true,"href":"https:\/\/tvsensor.com\/api\/wp\/v2\/users\/59"}],"replies":[{"embeddable":true,"href":"https:\/\/tvsensor.com\/api\/wp\/v2\/comments?post=8296"}],"version-history":[{"count":1,"href":"https:\/\/tvsensor.com\/api\/wp\/v2\/posts\/8296\/revisions"}],"predecessor-version":[{"id":8298,"href":"https:\/\/tvsensor.com\/api\/wp\/v2\/posts\/8296\/revisions\/8298"}],"wp:featuredmedia":[{"embeddable":true,"href":"https:\/\/tvsensor.com\/api\/wp\/v2\/media\/8297"}],"wp:attachment":[{"href":"https:\/\/tvsensor.com\/api\/wp\/v2\/media?parent=8296"}],"wp:term":[{"taxonomy":"category","embeddable":true,"href":"https:\/\/tvsensor.com\/api\/wp\/v2\/categories?post=8296"},{"taxonomy":"post_tag","embeddable":true,"href":"https:\/\/tvsensor.com\/api\/wp\/v2\/tags?post=8296"}],"curies":[{"name":"wp","href":"https:\/\/api.w.org\/{rel}","templated":true}]}}