{"id":8245,"date":"2019-04-30T10:04:38","date_gmt":"2019-04-30T10:04:38","guid":{"rendered":"https:\/\/senzor.ba\/?p=8245"},"modified":"2024-01-15T21:48:29","modified_gmt":"2024-01-15T20:48:29","slug":"dan-armije-rbih-obiljezen-u-sad-saznajte-ko-su-lobisti-za-bih-i-koje-su-im-poruke","status":"publish","type":"post","link":"https:\/\/tvsensor.com\/clanak\/dan-armije-rbih-obiljezen-u-sad-saznajte-ko-su-lobisti-za-bih-i-koje-su-im-poruke\/","title":{"rendered":"Dan Armije RBiH obilje\u017een u SAD: Saznajte ko su lobisti za BiH i koje su im poruke"},"content":{"rendered":"<p><strong>Dani Armije Republike Bosne i Hercegovine<\/strong>\u00a0obilje\u017eeni su ove godine brojnim manifestacijama u Bostonu i New Yorku.<\/p>\n<p>Manifestacije su trajale \u010detiri dana, od 25. do 28. aprila, a sve se odvijalo u organizaciji udru\u017eenja\u00a0<strong>New England Friends Of Bosnia iz Bostona, Kongresa Bo\u0161njaka svijeta i Ratnih veterana Armije RBiH iz New Yorka<\/strong>.<\/p>\n<p>Na njihov poziv su iz domovine stigli heroji odbramenog rata, kao \u0161to su komandant odbrane Gora\u017eda\u00a0<strong>Ahmet Sejdi\u0107<\/strong>\u00a0i legendarni sarajevski tenkista\u00a0<strong>Slavi\u0161a \u0160u\u0107ur<\/strong>, obojica nosioci najve\u0107eg ratnog priznanja \u201cZlatni Ljiljan\u201d.<\/p>\n<p>Kako smo doznali od\u00a0<strong>Nihada\u00a0Krupi\u0107a<\/strong>, bh. pisca i novinara koji \u017eivi u Kanadi, izrazito aktivna bosanskohercegova\u010dko-ameri\u010dka organizacija New England Friends of Bosnia iz Bostona je organizirala susret po\u010dasnih gostiju iz domovine Sejdi\u0107a i \u0160u\u0107ura s nekoliko utjecajnih parlamentaraca prijatelja Bosne i Hercegovine iz ove bogate ameri\u010dke dr\u017eave.<\/p>\n<pre>\"Razgovor je protekao u prijateljskom tonu uz veliko uva\u017eavanje heroja odbrambenog rata. Ameri\u010dka administracija dobro zna svakog politi\u010dkog aktera unutar BiH i u\u00a0okru\u017eenju, te\u00a0pomno prati svaku njihovu rije\u010d i akciju. Bosna\u00a0i Hercegovina ima prijatelja u SAD - bio je zajedni\u010dki zaklju\u010dak\u00a0ovog sastanka\", zabilje\u017eio je Krupi\u0107.<\/pre>\n<p>S gostima iz BiH razgovarao je i\u00a0<strong>dr. Bruce Hitchner<\/strong>, osniva\u010d i predsjednik tima za implementaciju Dayton projekta od 1998. do 2014, \u010dlan tima za usagla\u0161avanje politi\u010dkih\u00a0partija u BiH na\u00a0pobolj\u0161anju primjene Daytona, redovni\u00a0i vanredni profesor na najve\u0107im svjetskim univerzitetima, te veliki prijatelj BiH.\u00a0U ku\u0107noj atmosferi doma\u0107ina\u00a0<strong>Kemala \u010colakhod\u017ei\u0107a<\/strong>, vrijednog bh.\u00a0aktiviste iz Bostona, prof. Hitchner sa suprugom je, uz specijalitete bosanske kuhinje, s gostima iz domovine\u00a0i bh. liderima bh. lobija u\u00a0SAD-u\u00a0govorio o postoje\u0107oj politi\u010dkoj\u00a0situaciji u BiH i okru\u017eenju.<\/p>\n<p>Diskusija je bila otvorena u zajedni\u010dkoj konstatacije da je\u00a0<strong>Dayton\u00a0prevazi\u0111en\u00a0i\u00a0da se mora raditi na novoj politi\u010dkoj konstrukciji, ali<\/strong>\u00a0da sve to\u00a0ote\u017eava te\u0161ka\u00a0nacionalisti\u010dka retorika lidera srpskog i hrvatskog naroda, kao\u00a0i korupcija i kriminal\u00a0na podru\u010dju cijele dr\u017eave.<\/p>\n<figure class=\"img-inline\"><img decoding=\"async\" src=\"https:\/\/storage.radiosarajevo.ba\/\/image\/455840\/1180x732\/Vecera_kod_%20Kemala_Colakhodzica_Boston.jpg\" alt=\"Ve\u010dera kod \u010colakhod\u017ei\u0107a - undefined\" \/><\/figure>\n<p>&#8220;Bh. glasa\u010dko tijelo ima izbornu snagu promjena, ali je ne koristi dovoljno ili u pravoj mjeri.\u00a0<strong>Na djelu je politika sijanja straha<\/strong>, a ne\u00a0dr\u017eavni\u010dka, uz bavljenje ekonomijom\u00a0i\u00a0ozbiljnom saradnjom sa ekonomskim i politi\u010dkim svjetskim asocijacijama koje mogu pomo\u0107i dr\u017eavi BiH\u00a0u njenoj traniziciji&#8221;, zaklju\u010deno je na kraju diskusije.<\/p>\n<p>Tako\u0111er, u organizaciji sve prisutnije i utjecajnije organizacije \u0161irom svijeta Kongres Bo\u0161njaka svijeta (KBS), u\u00a0Bostonu je odr\u017eana i javna tribina pod nazivom \u201cBorba za Bosnu i Hercegovinu\u201d. Uvodni\u010dar tribine je bio\u00a0<strong>Denis Strikovi\u0107<\/strong>, \u010dlan Upravnog odbora KBS\u00a0i dobitnik presti\u017ene Fulbright stipendije Tufts univerziteta za doktorsku disertaciju iz oblasti\u00a0politi\u010dkih nauka.<\/p>\n<p>Moderator tribine\u00a0<strong>Azem Dervi\u0161evi\u0107 Zenga<\/strong>, predsjednik KBS,\u00a0koji je u vrijeme\u00a0agresije bio najmla\u0111i sarajevski ratni komadant, u svom je obra\u0107anju istakao va\u017enost\u00a0shva\u0107anja prioriteta, kako politi\u010dke, tako i ekonomske i\u00a0svake druge tranzicije u kojoj se nalazi dr\u017eava BiH.<\/p>\n<pre>Dervi\u0161evi\u0107 je dodao da su u ovom momentu bosanske snage u domovini i svijetu mnogostruko ja\u010de nego 1992. godine\u00a0i\u00a0<strong>svaki\u00a0poku\u0161aj disolucije zemlje uzaludan je posao<\/strong>: \"To ne\u0107e dopustiti oni koji vole vole BiH, ali ni na\u0161i svjetski\u00a0politi\u010dki prijatelji.\"<\/pre>\n<p>Glavna sve\u010danost odr\u017eana je u subotu,\u00a0u organizaciji Ratnih veterana Armije i policije RBiH, te zavi\u010dajnih klubova BiH i Sand\u017eaka, uz pomo\u0107 na\u0161ih privrednika u SAD-u. Ovo je 21. po redu sve\u010danost, koja je postala dio tradicije bh-sand\u017ea\u010dko\u00a0zajednice iz New Yorka.<\/p>\n<p>Krupi\u0107 je otkrio da je\u00a0najemotivniji trenutak ve\u010deri bilo\u00a0<strong>izno\u0161enje ratnih zastava svih korpusa Armije RBiH<\/strong>\u00a0&#8211; zastave su u uniformi svojih o\u010deva nosili sinovi veterana.<\/p>\n<p>Ovogodi\u0161nji Organizacioni odbor je posebnu zahvalnicu uru\u010dio\u00a0<strong>D\u017eemailu Hotu<\/strong>, ratnom oficiru Armije RBiH I neumornom bh. aktivisti iz New Yorku koji je, nagla\u0161ava Krupi\u0107, 20 godina zaredom &#8220;istrajavao u organizovanju ove manifestacije i nije dopustio da se prekine kontinuitet&#8221;. Nakon sve\u010danosti, Hot i\u00a0<strong>Mirsad Ra\u0161i\u0107<\/strong>\u00a0su svoje goste odveli na mjesto koje je promijenilo tok historije &#8211; Ground Zero, plato teroristi\u010dkog napada gdje je ve\u0107 izniklo zdanje novog World Trade Centra.<\/p>\n<p>radiosarajevo.ba<\/p>\n","protected":false},"excerpt":{"rendered":"<p>Dani Armije Republike Bosne i Hercegovine\u00a0obilje\u017eeni su ove godine brojnim manifestacijama u Bostonu i New Yorku. Manifestacije su trajale \u010detiri dana, od 25. do 28. aprila, a sve se odvijalo u organizaciji udru\u017eenja\u00a0New England Friends Of Bosnia iz Bostona, Kongresa Bo\u0161njaka svijeta i Ratnih veterana Armije RBiH iz New Yorka. Na njihov poziv su iz [&hellip;]<\/p>\n","protected":false},"author":59,"featured_media":8248,"comment_status":"open","ping_status":"closed","sticky":false,"template":"","format":"standard","meta":{"inline_featured_image":false,"footnotes":""},"categories":[39],"tags":[],"class_list":{"0":"post-8245","1":"post","2":"type-post","3":"status-publish","4":"format-standard","5":"has-post-thumbnail","7":"category-dijaspora"},"acf":[],"_links":{"self":[{"href":"https:\/\/tvsensor.com\/api\/wp\/v2\/posts\/8245","targetHints":{"allow":["GET"]}}],"collection":[{"href":"https:\/\/tvsensor.com\/api\/wp\/v2\/posts"}],"about":[{"href":"https:\/\/tvsensor.com\/api\/wp\/v2\/types\/post"}],"author":[{"embeddable":true,"href":"https:\/\/tvsensor.com\/api\/wp\/v2\/users\/59"}],"replies":[{"embeddable":true,"href":"https:\/\/tvsensor.com\/api\/wp\/v2\/comments?post=8245"}],"version-history":[{"count":2,"href":"https:\/\/tvsensor.com\/api\/wp\/v2\/posts\/8245\/revisions"}],"predecessor-version":[{"id":8249,"href":"https:\/\/tvsensor.com\/api\/wp\/v2\/posts\/8245\/revisions\/8249"}],"wp:featuredmedia":[{"embeddable":true,"href":"https:\/\/tvsensor.com\/api\/wp\/v2\/media\/8248"}],"wp:attachment":[{"href":"https:\/\/tvsensor.com\/api\/wp\/v2\/media?parent=8245"}],"wp:term":[{"taxonomy":"category","embeddable":true,"href":"https:\/\/tvsensor.com\/api\/wp\/v2\/categories?post=8245"},{"taxonomy":"post_tag","embeddable":true,"href":"https:\/\/tvsensor.com\/api\/wp\/v2\/tags?post=8245"}],"curies":[{"name":"wp","href":"https:\/\/api.w.org\/{rel}","templated":true}]}}