{"id":7886,"date":"2019-04-24T09:25:13","date_gmt":"2019-04-24T09:25:13","guid":{"rendered":"https:\/\/senzor.ba\/?p=7886"},"modified":"2024-01-15T21:48:42","modified_gmt":"2024-01-15T20:48:42","slug":"afganistan-medunarodne-snage-ubile-vise-civila-nego-talibani","status":"publish","type":"post","link":"https:\/\/tvsensor.com\/clanak\/afganistan-medunarodne-snage-ubile-vise-civila-nego-talibani\/","title":{"rendered":"Afganistan: Me\u0111unarodne snage ubile vi\u0161e civila nego talibani"},"content":{"rendered":"<p><strong>U napadima ameri\u010dkih i provladinih snaga u Afganistanu poginulo je vi\u0161e civila nego u udarima talibana i nekih drugih pobunjeni\u010dkih grupacija<\/strong>, navodi se u izvje\u0161taju misije UN u Afganistanu (UNAMA).<\/p>\n<p>Ameri\u010dke snage poja\u010dale su udare iz vazduha u Afganistanu, iako su u toku mirovni pregovori s talibanima, koji sada kontroli\u0161u ve\u0107i dio zemlje nego 2001. godine, kada su nakon invazije svrgnuti sa vlasti.<\/p>\n<p>Prema izvje\u0161taju UN, tokom prva \u010detiri mjeseca 2019. godine, me\u0111unarodne i provladine snage odgovorne su za smrt 305 civila, a pobunjenici za stradanje 227 osoba.<\/p>\n<p>&#8220;<strong>Najve\u0107i broj \u017ertava izazvan je ameri\u010dkim udarima iz vazduha<\/strong>\u00a0ili operacijama potrage na kopnu, koje uglavnom vr\u0161e afganistanske snage&#8221;, isti\u010de se u izvje\u0161taju.<\/p>\n<p>UNAMA je od afganistanskih i me\u0111unarodnih snaga zatra\u017eila da sprovedu istrage o optu\u017ebama o civilnim \u017ertvama, da objave njihove rezultate i obezbijede adekvatnu od\u0161tetu porodicama.<\/p>\n","protected":false},"excerpt":{"rendered":"<p>U napadima ameri\u010dkih i provladinih snaga u Afganistanu poginulo je vi\u0161e civila nego u udarima talibana i nekih drugih pobunjeni\u010dkih grupacija, navodi se u izvje\u0161taju misije UN u Afganistanu (UNAMA). Ameri\u010dke snage poja\u010dale su udare iz vazduha u Afganistanu, iako su u toku mirovni pregovori s talibanima, koji sada kontroli\u0161u ve\u0107i dio zemlje nego 2001. [&hellip;]<\/p>\n","protected":false},"author":59,"featured_media":7887,"comment_status":"open","ping_status":"closed","sticky":false,"template":"","format":"standard","meta":{"inline_featured_image":false,"footnotes":""},"categories":[41],"tags":[],"class_list":{"0":"post-7886","1":"post","2":"type-post","3":"status-publish","4":"format-standard","5":"has-post-thumbnail","7":"category-svijet"},"acf":[],"_links":{"self":[{"href":"https:\/\/tvsensor.com\/api\/wp\/v2\/posts\/7886","targetHints":{"allow":["GET"]}}],"collection":[{"href":"https:\/\/tvsensor.com\/api\/wp\/v2\/posts"}],"about":[{"href":"https:\/\/tvsensor.com\/api\/wp\/v2\/types\/post"}],"author":[{"embeddable":true,"href":"https:\/\/tvsensor.com\/api\/wp\/v2\/users\/59"}],"replies":[{"embeddable":true,"href":"https:\/\/tvsensor.com\/api\/wp\/v2\/comments?post=7886"}],"version-history":[{"count":1,"href":"https:\/\/tvsensor.com\/api\/wp\/v2\/posts\/7886\/revisions"}],"predecessor-version":[{"id":7888,"href":"https:\/\/tvsensor.com\/api\/wp\/v2\/posts\/7886\/revisions\/7888"}],"wp:featuredmedia":[{"embeddable":true,"href":"https:\/\/tvsensor.com\/api\/wp\/v2\/media\/7887"}],"wp:attachment":[{"href":"https:\/\/tvsensor.com\/api\/wp\/v2\/media?parent=7886"}],"wp:term":[{"taxonomy":"category","embeddable":true,"href":"https:\/\/tvsensor.com\/api\/wp\/v2\/categories?post=7886"},{"taxonomy":"post_tag","embeddable":true,"href":"https:\/\/tvsensor.com\/api\/wp\/v2\/tags?post=7886"}],"curies":[{"name":"wp","href":"https:\/\/api.w.org\/{rel}","templated":true}]}}