{"id":7883,"date":"2019-04-24T09:00:55","date_gmt":"2019-04-24T09:00:55","guid":{"rendered":"https:\/\/senzor.ba\/?p=7883"},"modified":"2024-01-15T21:48:42","modified_gmt":"2024-01-15T20:48:42","slug":"priznavanje-bh-nacionalne-manjine-u-austriji-put-ce-biti-dug-i-trnovit","status":"publish","type":"post","link":"https:\/\/tvsensor.com\/clanak\/priznavanje-bh-nacionalne-manjine-u-austriji-put-ce-biti-dug-i-trnovit\/","title":{"rendered":"Priznavanje bh. nacionalne manjine u Austriji: Put \u0107e biti dug i trnovit"},"content":{"rendered":"<p>Pojam nacionalna manjina odnosi se na grupu koja je broj\u010dano manja od ostalog dijela stanovni\u0161tva jedne dr\u017eave, koja se ne nalazi u dominantnoj poziciji, \u010diji \u010dlanovi, kao dr\u017eavljani te dr\u017eave, posjeduju etni\u010dke, religijske ili jezi\u010dke posebnosti, koje se razlikuju od ostalog dijela stanovni\u0161tva i koja pokazuje smisao za solidarnost za odr\u017eavanje kulture, tradicije, religije i jezika.&#8221;<\/p>\n<p>Od strane Bosanskog akademskog dru\u0161tva u Austriji, \u010dekali smo vi\u0161e od dvije decenije da pokrenemo inicijativu o priznavanju na\u0161e nacionalne manjine u Austriji. Naime, prvi put ovo pitanje postavio sam 1993. godine austrijskim vlastima, nakon priznanja \u0161este manjine u Austriji, Roma i Sinti. Tada mi je bilo re\u010deno da do\u0111emo za 20 do 30 godina, kada se steknu bolji uslovi.<\/p>\n<p>Sada uo\u010davamo da je do\u0161lo vrijeme i da ve\u0107ina ljudi i bosanskih organizacija u Austriji podr\u017eava ovu inicijativu.\u00a0Bit \u0107e dug i trnovit put, ali preuzeli smo obavezu da ga utabamo.<\/p>\n<p>Po\u017eeljna bi bila i podr\u0161ka dr\u017eavnih institucija dr\u017eave Bosne i Hercegovine, me\u0111utim znaju\u0107i kompleksnost politi\u010dke situacije u kojoj se nalazi na\u0161a mati\u010dna dr\u017eava, radovat \u0107e nas svaka podr\u0161ka.<\/p>\n<p><strong>Za\u0161to ovaj na\u0161 put?<\/strong><\/p>\n<p><em><strong>Historijski razlog<\/strong><\/em><\/p>\n<p>Bosanci su jedina grupa iz biv\u0161e Monarhije kojoj status manjine jo\u0161 uvijek nije priznat. Bosanci su sa \u010detiri regimente u austrijskoj vojsci bili zna\u010dajan faktor. Druga bo\u0161nja\u010dka regimenta je bila regimenta sa najvi\u0161e odlikovanja u KuK armiji. Vojno groblje u Lebringu u blizini Graza, u kojem le\u017ei 805 Bosanaca svih vjeroispovijesti, svjedo\u010di o tome da su Bosanci ve\u0107 du\u017ee od stolje\u0107a krvno vezani za austrijsko tlo.<\/p>\n<p>Kako re\u010de biv\u0161i predsjednik Republike Austrije Dr. Adolf Sch\u00e4rf, koji je slu\u017eio u Drugoj bo\u0161nja\u010dkoj regimenti:<br \/>\n&#8220;Mi, Austrijanci, imamo dobar razlog da budemo trajno zahvalni sinovima Bosne i Hercegovine.&#8221;<\/p>\n<p><strong>Demografski razlog<\/strong><\/p>\n<p>Broj Bosanaca u Austriji ve\u0107 se bli\u017ei broju koji predstavlja ukupan zbir gra\u0111ana svih priznatih manjina u Austriji.\u00a0Mladi Bosanci predstavljanju (poslije Nijemaca) drugu najbrojniju skupinu stranaca na univerzitetima Austrije.<\/p>\n<p><strong>Privredni razlog<\/strong><\/p>\n<p>Priznanje statusa manjine poma\u017ee obje dr\u017eave i Austriju i BiH. U Austriji uti\u010de na stabilan razvoj dr\u017eave, Bosni i Hercegovini da opstane kao multikulturna zajednica.<\/p>\n<p>Status manjine \u0161titi privredno i kulturno dijasporu, otvara nova radna mjesta u Austriji te institucionalno ja\u010da veze sa maticom.<br \/>\nPriznanje statusa manjine otvara perspektivu mladima kako u zemlji tako i u dr\u017eavi prijema, \u010duva dijasporu od otu\u0111enja te ih \u0161titi i promovi\u0161e i kulturno i socijalno.<\/p>\n<p>Biti priznat kao nacionalna manjina, zna\u010di prije svega dobiti potvrdu za vanredan doprinos razvoju historijskog, kulturnog i politi\u010dkog \u017eivota zemlje i dru\u0161tva. Austrijanci bosanskog porijekla, \u017eele da se i dalje sigurno osje\u0107aju i da ne budu izlo\u017eeni bilo kojoj stigmatizaciji.<\/p>\n<p>Razdvojiti sjeme od kukolja zna\u010di i distancirati se od svih vrsta radikalizma, da li dolazio od vjerskog ili nacionalnog. Tako\u0111er je po\u0161tovanje zakona u zemlji u kojoj \u017eivimo pretpostavka zdravog odnosa sa okru\u017eenjem.<\/p>\n<p>Bosanci su jedna od najve\u0107ih nacionalnih zajednica u Austriji i jedna od najbolje integrisanih zajednica u austrijsko dru\u0161tvo.<br \/>\nNe smijemo dozvoliti da se ponovi &#8220;\u0161aptom pade Bosna&#8221; na na\u010din da nam se na\u0161 kulturni trag, na\u0161a kulturna \u0161arolikost, zametne &#8211; to nam unuci ne\u0107e oprostiti.<\/p>\n<p>Za to nam treba zajednica, priznata nacionalna manjina, koja \u0107e njegovati na\u0161 jezik, kulturu, i koja \u0107e se brinuti o o\u010duvanju bosanskog identiteta.<\/p>\n","protected":false},"excerpt":{"rendered":"<p>Pojam nacionalna manjina odnosi se na grupu koja je broj\u010dano manja od ostalog dijela stanovni\u0161tva jedne dr\u017eave, koja se ne nalazi u dominantnoj poziciji, \u010diji \u010dlanovi, kao dr\u017eavljani te dr\u017eave, posjeduju etni\u010dke, religijske ili jezi\u010dke posebnosti, koje se razlikuju od ostalog dijela stanovni\u0161tva i koja pokazuje smisao za solidarnost za odr\u017eavanje kulture, tradicije, religije i [&hellip;]<\/p>\n","protected":false},"author":59,"featured_media":7884,"comment_status":"open","ping_status":"closed","sticky":false,"template":"","format":"standard","meta":{"inline_featured_image":false,"footnotes":""},"categories":[39],"tags":[],"class_list":{"0":"post-7883","1":"post","2":"type-post","3":"status-publish","4":"format-standard","5":"has-post-thumbnail","7":"category-dijaspora"},"acf":[],"_links":{"self":[{"href":"https:\/\/tvsensor.com\/api\/wp\/v2\/posts\/7883","targetHints":{"allow":["GET"]}}],"collection":[{"href":"https:\/\/tvsensor.com\/api\/wp\/v2\/posts"}],"about":[{"href":"https:\/\/tvsensor.com\/api\/wp\/v2\/types\/post"}],"author":[{"embeddable":true,"href":"https:\/\/tvsensor.com\/api\/wp\/v2\/users\/59"}],"replies":[{"embeddable":true,"href":"https:\/\/tvsensor.com\/api\/wp\/v2\/comments?post=7883"}],"version-history":[{"count":1,"href":"https:\/\/tvsensor.com\/api\/wp\/v2\/posts\/7883\/revisions"}],"predecessor-version":[{"id":7885,"href":"https:\/\/tvsensor.com\/api\/wp\/v2\/posts\/7883\/revisions\/7885"}],"wp:featuredmedia":[{"embeddable":true,"href":"https:\/\/tvsensor.com\/api\/wp\/v2\/media\/7884"}],"wp:attachment":[{"href":"https:\/\/tvsensor.com\/api\/wp\/v2\/media?parent=7883"}],"wp:term":[{"taxonomy":"category","embeddable":true,"href":"https:\/\/tvsensor.com\/api\/wp\/v2\/categories?post=7883"},{"taxonomy":"post_tag","embeddable":true,"href":"https:\/\/tvsensor.com\/api\/wp\/v2\/tags?post=7883"}],"curies":[{"name":"wp","href":"https:\/\/api.w.org\/{rel}","templated":true}]}}