{"id":7880,"date":"2019-04-24T08:56:20","date_gmt":"2019-04-24T08:56:20","guid":{"rendered":"https:\/\/senzor.ba\/?p=7880"},"modified":"2024-01-15T21:48:43","modified_gmt":"2024-01-15T20:48:43","slug":"foto-jedini-u-bih-mali-grad-za-djecu-sa-poteskocama-sa-roditeljima-rade-u-kafeteriji-imaju-centar-a-sad-je-tu-i-inkluzivni-vrtic","status":"publish","type":"post","link":"https:\/\/tvsensor.com\/clanak\/foto-jedini-u-bih-mali-grad-za-djecu-sa-poteskocama-sa-roditeljima-rade-u-kafeteriji-imaju-centar-a-sad-je-tu-i-inkluzivni-vrtic\/","title":{"rendered":"(FOTO) Jedini u BiH: Mali grad za djecu sa pote\u0161ko\u0107ama. Sa roditeljima rade u kafeteriji, imaju Centar, a sad je tu i inkluzivni vrti\u0107"},"content":{"rendered":"<p><strong>Ova kafeterija je samo dio jedinstvenog kompleksa koji je ovdje napravljen. Naime, 2015. godine Fondacija \u201eOberwallis \u2013 Djeca na\u0161eg svijeta\u201c iz \u0160vajcarske izgradila je Dnevni centar za djecu sa posebnim potrebama, u kojem bi se radilo sa djecom koja imaju pote\u0161ko\u0107e u razvoju.<\/strong><\/p>\n<p>Ovaj Centar se nalazi odmah iza kafeterije, a pored njega je i vrti\u0107, \u0161to zajedno \u010dini jednu cjelinu, pi\u0161e Buka.<\/p>\n<p>A sve je po\u010delo kada su humanitarci iz \u0160vajcarske, preko jednog Modri\u010danina sa adresom u ovoj zemlji, odlu\u010dili pomo\u0107i roditeljima djece sa posebnim potrebama.<\/p>\n<div id=\"bsa-html\" class=\"bsaProContainerNew bsaProContainer-5 bsa-html bsa-pro-col-1\">\n<div class=\"bsaProItems bsaGridGutter \">\n<div class=\"bsaProItem bsaReset\">\n<div class=\"bsaProItemInner\">\n<div class=\"bsaProItemInner__copy\">\n<div class=\"bsaProItemInner__copyInner\">\n<div class=\"bsaProItemInner__html\"><\/div>\n<\/div>\n<\/div>\n<\/div>\n<\/div>\n<\/div>\n<\/div>\n<figure id=\"attachment_89437\" class=\"wp-caption aligncenter\" aria-describedby=\"caption-attachment-89437\"><img decoding=\"async\" class=\"wp-image-89437 size-full\" src=\"https:\/\/tv1.ba\/wp-content\/uploads\/2019\/04\/igraliste-modrice.jpg\" srcset=\"https:\/\/tv1.ba\/wp-content\/uploads\/2019\/04\/igraliste-modrice.jpg 800w, https:\/\/tv1.ba\/wp-content\/uploads\/2019\/04\/igraliste-modrice-300x200.jpg 300w, https:\/\/tv1.ba\/wp-content\/uploads\/2019\/04\/igraliste-modrice-768x512.jpg 768w, https:\/\/tv1.ba\/wp-content\/uploads\/2019\/04\/igraliste-modrice-630x420.jpg 630w, https:\/\/tv1.ba\/wp-content\/uploads\/2019\/04\/igraliste-modrice-640x426.jpg 640w, https:\/\/tv1.ba\/wp-content\/uploads\/2019\/04\/igraliste-modrice-681x454.jpg 681w\" alt=\"\" \/><\/figure>\n<p>Udru\u017eenje u Modri\u010di, koje je u tom trenutku brojalo 114 \u010dlanova, nije imalo ba\u0161 zavidne uslove za djelovanje i roditelji djece sa pote\u0161ko\u0107ama su se na razne na\u010dine borili ne bi li djeci obezbijedili osnovne uslove.<\/p>\n<p>Ovako pri\u010du o Dnevnom centru zapo\u010dinje Jelena Anti\u0107, psiholog i koordinator ovog centra.<\/p>\n<p><em>\u201cDnevni centar je osnovan 2015. godine. Silom prilika, fondacija Oberwalis iz \u0160vajcarske imala je kontakt sa \u010dovjekom koji je sa na\u0161e op\u0161tine i preko njega predlo\u017eili da naprave ovaj centar. Ova fondacija je ve\u0107 imala iskustva sa ovakvim projektima, tako da je on izgra\u0111en i egzistira u potpunosti na evropskim principima\u201d,<\/em>\u00a0ka\u017ee Anti\u0107.<\/p>\n<p>Kad je ovaj centar napravljen, upravljenje njime je preuzeo Centar za socijalni rad radi kvalitetnijeg i efikasnijeg djelovanja, s obzirom na to da udru\u017eenje nije imalo stru\u010dne radnike, nego su bili samo roditelji.<\/p>\n<p><em>\u201cMi imamo trenutno 48 djece, od kojih neki dolaze svaki dan, neki jednom ili dva puta sedmi\u010dno, odnosno zavisno od njihovih mogu\u0107nosti, po\u0161to je 90 odsto djece iz ruralnih dijelova op\u0161tine. Imamo i organizovan prevoz kombijem svaki dan. U ovom centru radimo sa djecom na savremen na\u010din i ovdje oni imaju mogu\u0107nost da se razvijaju\u201d,<\/em>\u00a0rekla je Anti\u0107.<\/p>\n<figure id=\"attachment_89438\" class=\"wp-caption aligncenter\" aria-describedby=\"caption-attachment-89438\"><img decoding=\"async\" class=\"wp-image-89438 size-full\" src=\"https:\/\/tv1.ba\/wp-content\/uploads\/2019\/04\/kafic-modrice.jpg\" srcset=\"https:\/\/tv1.ba\/wp-content\/uploads\/2019\/04\/kafic-modrice.jpg 800w, https:\/\/tv1.ba\/wp-content\/uploads\/2019\/04\/kafic-modrice-300x200.jpg 300w, https:\/\/tv1.ba\/wp-content\/uploads\/2019\/04\/kafic-modrice-768x512.jpg 768w, https:\/\/tv1.ba\/wp-content\/uploads\/2019\/04\/kafic-modrice-630x420.jpg 630w, https:\/\/tv1.ba\/wp-content\/uploads\/2019\/04\/kafic-modrice-640x426.jpg 640w, https:\/\/tv1.ba\/wp-content\/uploads\/2019\/04\/kafic-modrice-681x454.jpg 681w\" alt=\"\" \/><\/figure>\n<p>Ona ka\u017ee da su nakon po\u010detnih mjeseci rada Dnevnog centra svi uklju\u010deni u ovaj projekat vidjeli potrebu i mogu\u0107nost da se sadr\u017eaji pro\u0161ire, pa je tako ubrzo otvoren i vrti\u0107 koji je napravila op\u0161tina i koji je jedan od rijetkih u BiH u kojem djeca sa pote\u0161ko\u0107ama borave zajedno sa ostalom djecom.<\/p>\n<p><em>\u201cNakon toga napravljena je i kafeterija i onda smo sve to uvezali\u201d<\/em>, rekla je ona.<\/p>\n<p><em>\u201cU kafeteriji rade roditelji, a plan je da po\u010dnu da rade i djeca koja su trenutno ispomo\u0107. To je tako zami\u0161ljeno i od strane ljudi iz Fondacije \u201cOberwalis\u201d, ali mi imamo mali problem, jer na\u0161a djeca nisu imala priliku da prolaze sve korake kao \u0161to je to slu\u010daj u \u0160vajcarskoj i te\u0161ko je pratiti program koji su nam oni dali. Kod nas su djeca uglavnom skrivana i nije dovoljno s njima ra\u0111eno. Ali opet se trudimo da djeca rade po naprednim metodama. Zato imamo i aktivnosti kojima ih uklju\u010dujemo u poslove u kafeteriji, pa tako oni prave kola\u010de, poslu\u017euju i sli\u010dno. Neki od njih zara\u0111uju, imaju druga\u010diji status i tu su zaposleni roditelji djece sa posebnim potrebama i na taj na\u010din su se osna\u017eile i te porodice finansijski\u201d<\/em>, rekla je Anti\u0107.<\/p>\n<p>Jedna od radnica u kafe-slasti\u010darni je i Smiljka Jarakula koja je ovdje zaposlena kao pomo\u0107na kuvarica. Ona tvrdi da je Centar ne\u0161to najbolje \u0161to se desilo njoj i njenoj porodici, je im je \u017eivot uvelike olak\u0161an.<\/p>\n<p><em>\u201cOvaj posao mi puno zna\u010di. Posebno mi je va\u017eno to \u0161to je ovo sve napravljeno na na\u010din da na\u0161a djeca imaju gdje da budu i da sa njima neko radi\u201d,<\/em>\u00a0ispri\u010dala je ona.<\/p>\n<p>Ali ovdje nije kraj planovima Fondacije \u201cOberwallis\u201d, Udru\u017eenja roditelja sa posebnim potrebama i lokalne vlasti. Naime, oni planiraju da od svega naprave cijeli gradi\u0107 koji bi ispunjavao sve potrebe, kako djece sa pote\u0161ko\u0107ama u razvoju, tako i one ostale koja \u017eive u Modri\u010di.<\/p>\n<p>Buka<\/p>\n","protected":false},"excerpt":{"rendered":"<p>Ova kafeterija je samo dio jedinstvenog kompleksa koji je ovdje napravljen. Naime, 2015. godine Fondacija \u201eOberwallis \u2013 Djeca na\u0161eg svijeta\u201c iz \u0160vajcarske izgradila je Dnevni centar za djecu sa posebnim potrebama, u kojem bi se radilo sa djecom koja imaju pote\u0161ko\u0107e u razvoju. Ovaj Centar se nalazi odmah iza kafeterije, a pored njega je i [&hellip;]<\/p>\n","protected":false},"author":59,"featured_media":7881,"comment_status":"open","ping_status":"closed","sticky":false,"template":"","format":"standard","meta":{"inline_featured_image":false,"footnotes":""},"categories":[38],"tags":[],"class_list":{"0":"post-7880","1":"post","2":"type-post","3":"status-publish","4":"format-standard","5":"has-post-thumbnail","7":"category-vijesti-iz-bih"},"acf":[],"_links":{"self":[{"href":"https:\/\/tvsensor.com\/api\/wp\/v2\/posts\/7880","targetHints":{"allow":["GET"]}}],"collection":[{"href":"https:\/\/tvsensor.com\/api\/wp\/v2\/posts"}],"about":[{"href":"https:\/\/tvsensor.com\/api\/wp\/v2\/types\/post"}],"author":[{"embeddable":true,"href":"https:\/\/tvsensor.com\/api\/wp\/v2\/users\/59"}],"replies":[{"embeddable":true,"href":"https:\/\/tvsensor.com\/api\/wp\/v2\/comments?post=7880"}],"version-history":[{"count":1,"href":"https:\/\/tvsensor.com\/api\/wp\/v2\/posts\/7880\/revisions"}],"predecessor-version":[{"id":7882,"href":"https:\/\/tvsensor.com\/api\/wp\/v2\/posts\/7880\/revisions\/7882"}],"wp:featuredmedia":[{"embeddable":true,"href":"https:\/\/tvsensor.com\/api\/wp\/v2\/media\/7881"}],"wp:attachment":[{"href":"https:\/\/tvsensor.com\/api\/wp\/v2\/media?parent=7880"}],"wp:term":[{"taxonomy":"category","embeddable":true,"href":"https:\/\/tvsensor.com\/api\/wp\/v2\/categories?post=7880"},{"taxonomy":"post_tag","embeddable":true,"href":"https:\/\/tvsensor.com\/api\/wp\/v2\/tags?post=7880"}],"curies":[{"name":"wp","href":"https:\/\/api.w.org\/{rel}","templated":true}]}}