{"id":7858,"date":"2019-04-24T08:06:45","date_gmt":"2019-04-24T08:06:45","guid":{"rendered":"https:\/\/senzor.ba\/?p=7858"},"modified":"2024-01-15T21:48:43","modified_gmt":"2024-01-15T20:48:43","slug":"prosinecki-jutros-izasao-iz-bolnice","status":"publish","type":"post","link":"https:\/\/tvsensor.com\/clanak\/prosinecki-jutros-izasao-iz-bolnice\/","title":{"rendered":"Prosine\u010dki jutros iza\u0161ao iz bolnice"},"content":{"rendered":"<p><b>Selektor na\u0161e fudbalske reprezentacije Robert Prosine\u010dki jutros je napustio zagreba\u010dku bolnicu, gdje je operiran prije deset dana.<\/b><\/p>\n<p><i>&#8211; Sve je uredu, selektor Prosine\u010dki se odli\u010dno osje\u0107a, tako da nije bilo potrebe da ga zadr\u017eavamo u bolnici &#8211; javlja izvor \u201eDnevnog avaza\u201c iz zagreba\u010dke bolnice.<\/i><\/p>\n<p><i><\/i>Robert Prosine\u010dki je prvi put, zbog problema s debelim crijevom, hospitaliziran 22. novembra pro\u0161le godine u Klini\u010dkom centru Univerziteta u Sarajevu, nakon \u0161to se po\u017ealio na bolove u stomaku. Dan kasnije podvrgnut je hirur\u0161kom zahvatu koji je trajao oko \u010detiri sata.<\/p>\n<p>Po\u0161to je rana sporo zarastala, ponovo je operiran 1. decembra 2018. godine, a tre\u0107a operacija obavljena je prije 10 dana u bolnici u Zagrebu, na kojoj se uredno javljao radi kontrola.<\/p>\n","protected":false},"excerpt":{"rendered":"<p>Selektor na\u0161e fudbalske reprezentacije Robert Prosine\u010dki jutros je napustio zagreba\u010dku bolnicu, gdje je operiran prije deset dana. &#8211; Sve je uredu, selektor Prosine\u010dki se odli\u010dno osje\u0107a, tako da nije bilo potrebe da ga zadr\u017eavamo u bolnici &#8211; javlja izvor \u201eDnevnog avaza\u201c iz zagreba\u010dke bolnice. Robert Prosine\u010dki je prvi put, zbog problema s debelim crijevom, hospitaliziran [&hellip;]<\/p>\n","protected":false},"author":59,"featured_media":7860,"comment_status":"open","ping_status":"closed","sticky":false,"template":"","format":"standard","meta":{"inline_featured_image":false,"footnotes":""},"categories":[62],"tags":[],"class_list":{"0":"post-7858","1":"post","2":"type-post","3":"status-publish","4":"format-standard","5":"has-post-thumbnail","7":"category-nogomet"},"acf":[],"_links":{"self":[{"href":"https:\/\/tvsensor.com\/api\/wp\/v2\/posts\/7858","targetHints":{"allow":["GET"]}}],"collection":[{"href":"https:\/\/tvsensor.com\/api\/wp\/v2\/posts"}],"about":[{"href":"https:\/\/tvsensor.com\/api\/wp\/v2\/types\/post"}],"author":[{"embeddable":true,"href":"https:\/\/tvsensor.com\/api\/wp\/v2\/users\/59"}],"replies":[{"embeddable":true,"href":"https:\/\/tvsensor.com\/api\/wp\/v2\/comments?post=7858"}],"version-history":[{"count":1,"href":"https:\/\/tvsensor.com\/api\/wp\/v2\/posts\/7858\/revisions"}],"predecessor-version":[{"id":7861,"href":"https:\/\/tvsensor.com\/api\/wp\/v2\/posts\/7858\/revisions\/7861"}],"wp:featuredmedia":[{"embeddable":true,"href":"https:\/\/tvsensor.com\/api\/wp\/v2\/media\/7860"}],"wp:attachment":[{"href":"https:\/\/tvsensor.com\/api\/wp\/v2\/media?parent=7858"}],"wp:term":[{"taxonomy":"category","embeddable":true,"href":"https:\/\/tvsensor.com\/api\/wp\/v2\/categories?post=7858"},{"taxonomy":"post_tag","embeddable":true,"href":"https:\/\/tvsensor.com\/api\/wp\/v2\/tags?post=7858"}],"curies":[{"name":"wp","href":"https:\/\/api.w.org\/{rel}","templated":true}]}}