{"id":7852,"date":"2019-04-24T07:50:21","date_gmt":"2019-04-24T07:50:21","guid":{"rendered":"https:\/\/senzor.ba\/?p=7852"},"modified":"2024-01-15T21:48:44","modified_gmt":"2024-01-15T20:48:44","slug":"komsic-bilo-bi-dobro-da-hrvatska-ne-povlaci-dodatne-poteze","status":"publish","type":"post","link":"https:\/\/tvsensor.com\/clanak\/komsic-bilo-bi-dobro-da-hrvatska-ne-povlaci-dodatne-poteze\/","title":{"rendered":"Kom\u0161i\u0107: Bilo bi dobro da Hrvatska ne povla\u010di dodatne poteze"},"content":{"rendered":"<p><span class=\"articleIntro\">Htjeli smo posebno naglasiti da BiH nema nema namjeru ulaziti u bilo kakve dodatne bilateralne sporazuma<\/span><\/p>\n<p>Bilo bi dobro da Hrvatska ne povla\u010di dodatne poteze, jer \u0107e time samo ubrzati na\u0161u odluku da pokrenemo spor pred nekim od me\u0111unarodnih sudova, izjavio je za &#8220;Oslobo\u0111enje&#8221; \u010dlan Predsjedni\u0161tva BiH<strong>\u00a0\u017deljko Kom\u0161i\u0107<\/strong>, nakon \u0161to je prije nekoliko dana Ministarstvo za dr\u017eavnu imovinu Republike Hrvatske zatvorilo novi javni poziv za zakup biv\u0161ih bh. radni\u010dkih odmarali\u0161ta na Jadranu.<\/p>\n<p>-Za sada smo u\u010dinili prvi korak. Imaju\u0107i u vidu me\u0111unarodne konvencije, kojima se reguliraju me\u0111usobni odnosi zemalja, na sjednici Predsjedni\u0161tva BiH iz decembra 2018. godine zaklju\u010dili smo da se uputi nota generalnom sekretaru UN-a kao depozitaru me\u0111unarodnih sporazuma, kako bismo ga obavijestili da RH kr\u0161i ili ne po\u0161tuje Sporazum o sukcesiji biv\u0161e SFRJ, kojim su ure\u0111ena pitanja imovine svih ex-republika. Pismo je oti\u0161lo i imamo potvrdu da je o njemu generalni sekretar UN-a upoznat &#8211; isti\u010de Kom\u0161i\u0107.<\/p>\n<p>Podsjetio je da je jedan od zaklju\u010daka Predsjedni\u0161tva BiH bio i to da se uputi pismo predsjednici RH\u00a0<strong>Kolindi Grabar Kitarovi\u0107<\/strong>\u00a0i premijeru\u00a0<strong>Andreju Plenkovi\u0107u<\/strong>\u00a0kako bi im se ukazalo na to da se Hrvatska mora pridr\u017eavati sporazuma o sukcesiji SFRJ, \u0161to je akt vi\u0161eg reda u odnosu na doma\u0107e zakonodavstvo.<\/p>\n<p>&#8211; Htjeli smo posebno naglasiti da BiH nema nema namjeru ulaziti u bilo kakve dodatne bilateralne sporazuma &#8211; rekao je Kom\u0161i\u0107 za &#8220;Oslobo\u0111enje&#8221;.<\/p>\n<p>&nbsp;<\/p>\n","protected":false},"excerpt":{"rendered":"<p>Htjeli smo posebno naglasiti da BiH nema nema namjeru ulaziti u bilo kakve dodatne bilateralne sporazuma Bilo bi dobro da Hrvatska ne povla\u010di dodatne poteze, jer \u0107e time samo ubrzati na\u0161u odluku da pokrenemo spor pred nekim od me\u0111unarodnih sudova, izjavio je za &#8220;Oslobo\u0111enje&#8221; \u010dlan Predsjedni\u0161tva BiH\u00a0\u017deljko Kom\u0161i\u0107, nakon \u0161to je prije nekoliko dana Ministarstvo [&hellip;]<\/p>\n","protected":false},"author":59,"featured_media":7853,"comment_status":"open","ping_status":"closed","sticky":false,"template":"","format":"standard","meta":{"inline_featured_image":false,"footnotes":""},"categories":[40],"tags":[],"class_list":{"0":"post-7852","1":"post","2":"type-post","3":"status-publish","4":"format-standard","5":"has-post-thumbnail","7":"category-region"},"acf":[],"_links":{"self":[{"href":"https:\/\/tvsensor.com\/api\/wp\/v2\/posts\/7852","targetHints":{"allow":["GET"]}}],"collection":[{"href":"https:\/\/tvsensor.com\/api\/wp\/v2\/posts"}],"about":[{"href":"https:\/\/tvsensor.com\/api\/wp\/v2\/types\/post"}],"author":[{"embeddable":true,"href":"https:\/\/tvsensor.com\/api\/wp\/v2\/users\/59"}],"replies":[{"embeddable":true,"href":"https:\/\/tvsensor.com\/api\/wp\/v2\/comments?post=7852"}],"version-history":[{"count":1,"href":"https:\/\/tvsensor.com\/api\/wp\/v2\/posts\/7852\/revisions"}],"predecessor-version":[{"id":7854,"href":"https:\/\/tvsensor.com\/api\/wp\/v2\/posts\/7852\/revisions\/7854"}],"wp:featuredmedia":[{"embeddable":true,"href":"https:\/\/tvsensor.com\/api\/wp\/v2\/media\/7853"}],"wp:attachment":[{"href":"https:\/\/tvsensor.com\/api\/wp\/v2\/media?parent=7852"}],"wp:term":[{"taxonomy":"category","embeddable":true,"href":"https:\/\/tvsensor.com\/api\/wp\/v2\/categories?post=7852"},{"taxonomy":"post_tag","embeddable":true,"href":"https:\/\/tvsensor.com\/api\/wp\/v2\/tags?post=7852"}],"curies":[{"name":"wp","href":"https:\/\/api.w.org\/{rel}","templated":true}]}}