{"id":7849,"date":"2019-04-24T07:39:06","date_gmt":"2019-04-24T07:39:06","guid":{"rendered":"https:\/\/senzor.ba\/?p=7849"},"modified":"2024-01-15T21:48:44","modified_gmt":"2024-01-15T20:48:44","slug":"bijele-trake-novi-projekat-grupe-rejjan","status":"publish","type":"post","link":"https:\/\/tvsensor.com\/clanak\/bijele-trake-novi-projekat-grupe-rejjan\/","title":{"rendered":"Bijele trake novi projekat grupe Rejjan"},"content":{"rendered":"<p>&#8221;Bijele trake&#8221; naziv je novog audio i video projekta grupe Rejjan iz Sarajeva.<\/p>\n<p>Kako je kazao predsjednik udru\u017eenja Rejjan, Rijad Imamovi\u0107, rije\u010d je o nacionalnom projektu \u010diju \u0107emo premijeru gledati na dan obilje\u017eavanja &#8220;Bijelih traka&#8221;, 31. maja ove godine.<\/p>\n<p>\u2018\u201931. maj 1992.godine pamti\u0107emo kao po\u010detak stradanja Bo\u0161njaka u Prijedoru.\u2019\u2019- ka\u017ee Imamovi\u0107, i dodaje:<\/p>\n<p>\u2018\u2019Potreba za ovakvim projektom je proiza\u0161la iz \u010dinjenice da se danas na kulturnoj sceni i u javnom prostoru ne pridaje zna\u010daj obrazovnom elementu proteklih tekovina koje bi podsjetilo mlade generacije na stradanje Bo\u0161njaka u protekloj agresiji.\u2019\u2019 isti\u010de on.<\/p>\n<p>\u2018\u2019Cilj ovog projekta je podu\u010diti mlade generacije, koje nisu bili svjedokom tog te\u0161kog vremena, o snazi bo\u0161nja\u010dkog duha, vjere, ljubavi i plemenitosti. Budu\u0107i da danas mladi uglavnom sporadi\u010dno znaju historijske \u010dinjenice vezano za zlo\u010dine u Prijedoru, te s tim u vezi i obilje\u017eavanja bo\u0161nja\u010dkih ku\u0107a bijelim plahtama a Bo\u0161njaka bijelim trakama, smatramo da je na\u0161a du\u017enost da ih podu\u010dimo. Ovaj projekat ima za cilj da probudi osje\u0107aje, prvenstveno kod mla\u0111ih nara\u0161taja, o va\u017enosti na\u0161e nacionalne tekovine, kulture i tradicije, te da i taj datum poput 11. jula 1995. godine ostane upam\u0107en u na\u0161im srcima i mislima.\u2019\u2019 zaklju\u010dio je Imamovi\u0107.<\/p>\n<p>Tekst za kasidu \u2018\u2019Bijele trake\u2019\u2019 grupe Rejjan napisao je D\u017eevad Ibrahimovi\u0107 dok re\u017eiju za spot potpisuje Sulejman Muratovi\u0107. Kadrovi spota snimani su proteklih dana u Prijedoru i Kozarcu a u narednim danima snimanje \u0107e biti nastavljeno u okolini Sarajeva i u Be\u010du.<\/p>\n<p>Premijera spota i kaside \u2018\u2019Bijele trake\u2019\u2019 planirana je za 31. maj 2019. godine.<\/p>\n","protected":false},"excerpt":{"rendered":"<p>&#8221;Bijele trake&#8221; naziv je novog audio i video projekta grupe Rejjan iz Sarajeva. Kako je kazao predsjednik udru\u017eenja Rejjan, Rijad Imamovi\u0107, rije\u010d je o nacionalnom projektu \u010diju \u0107emo premijeru gledati na dan obilje\u017eavanja &#8220;Bijelih traka&#8221;, 31. maja ove godine. \u2018\u201931. maj 1992.godine pamti\u0107emo kao po\u010detak stradanja Bo\u0161njaka u Prijedoru.\u2019\u2019- ka\u017ee Imamovi\u0107, i dodaje: \u2018\u2019Potreba za [&hellip;]<\/p>\n","protected":false},"author":59,"featured_media":7850,"comment_status":"open","ping_status":"closed","sticky":false,"template":"","format":"standard","meta":{"inline_featured_image":false,"footnotes":""},"categories":[58],"tags":[],"class_list":{"0":"post-7849","1":"post","2":"type-post","3":"status-publish","4":"format-standard","5":"has-post-thumbnail","7":"category-muzika-magazin"},"acf":[],"_links":{"self":[{"href":"https:\/\/tvsensor.com\/api\/wp\/v2\/posts\/7849","targetHints":{"allow":["GET"]}}],"collection":[{"href":"https:\/\/tvsensor.com\/api\/wp\/v2\/posts"}],"about":[{"href":"https:\/\/tvsensor.com\/api\/wp\/v2\/types\/post"}],"author":[{"embeddable":true,"href":"https:\/\/tvsensor.com\/api\/wp\/v2\/users\/59"}],"replies":[{"embeddable":true,"href":"https:\/\/tvsensor.com\/api\/wp\/v2\/comments?post=7849"}],"version-history":[{"count":1,"href":"https:\/\/tvsensor.com\/api\/wp\/v2\/posts\/7849\/revisions"}],"predecessor-version":[{"id":7851,"href":"https:\/\/tvsensor.com\/api\/wp\/v2\/posts\/7849\/revisions\/7851"}],"wp:featuredmedia":[{"embeddable":true,"href":"https:\/\/tvsensor.com\/api\/wp\/v2\/media\/7850"}],"wp:attachment":[{"href":"https:\/\/tvsensor.com\/api\/wp\/v2\/media?parent=7849"}],"wp:term":[{"taxonomy":"category","embeddable":true,"href":"https:\/\/tvsensor.com\/api\/wp\/v2\/categories?post=7849"},{"taxonomy":"post_tag","embeddable":true,"href":"https:\/\/tvsensor.com\/api\/wp\/v2\/tags?post=7849"}],"curies":[{"name":"wp","href":"https:\/\/api.w.org\/{rel}","templated":true}]}}