{"id":7839,"date":"2019-04-23T18:41:51","date_gmt":"2019-04-23T18:41:51","guid":{"rendered":"https:\/\/senzor.ba\/?p=7839"},"modified":"2024-01-15T21:48:44","modified_gmt":"2024-01-15T20:48:44","slug":"tokic-ubistvo-krunica-pokazalo-pravi-karakter-dodikove-politike-srpskog-neofasizm","status":"publish","type":"post","link":"https:\/\/tvsensor.com\/clanak\/tokic-ubistvo-krunica-pokazalo-pravi-karakter-dodikove-politike-srpskog-neofasizm\/","title":{"rendered":"Toki\u0107: Ubistvo Kruni\u0107a pokazalo pravi karakter Dodikove politike srpskog neofa\u0161izm"},"content":{"rendered":"<p>&#8220;Ubistvo Slavi\u0161e Krun\u0107a, banjalu\u010dkog biznismena koji se politi\u010dki suprotstavljao vladaju\u0107oj oligarhiji Milorada Dodika i njihovoj politici ru\u0161enja dr\u017eave BiH je kontinuitet sistematskog obra\u010duna vladaju\u0107eg re\u017eima u manjem bh. entitetu sa svim politi\u010dkim neistomi\u0161ljenicima. Nakon protjerivanja ili onemogu\u0107avanja normalnog \u017eivota nesrpskom stanovni\u0161tvu o ovom dijelu BiH te kontinuiranoj politici srbizacije i pravoslavizacije u svim sferama \u017eivota, uz otvoreno veli\u010danje presu\u0111enih ratnih zlo\u010dinaca i njihovog djela genocida nad Bo\u0161njacima, srpski neofa\u0161izam ulazi u posljednju fazu obra\u010duna sa sunarodnjacima koji ne podr\u017eavaju logiku totalitarizma: jedan vo\u0111a, jedan narod jedna teritorija&#8221;, izjavio je Toki\u0107.<\/p>\n<p>On smatra da \u0107e, ukoliko me\u0111unarodne institucije zadu\u017eene za provedbu Mirovnog sporazuma i institucije dr\u017eave BiH ne sprije\u010de dalju Dodikovu politiku diktature i srpskog neofa\u0161izma, stabilnost i mir u Evropi \u0107e biti ozbiljno ugro\u017eeni, s realnim pretpostavkama i oru\u017eanih sukoba.<\/p>\n","protected":false},"excerpt":{"rendered":"<p>&#8220;Ubistvo Slavi\u0161e Krun\u0107a, banjalu\u010dkog biznismena koji se politi\u010dki suprotstavljao vladaju\u0107oj oligarhiji Milorada Dodika i njihovoj politici ru\u0161enja dr\u017eave BiH je kontinuitet sistematskog obra\u010duna vladaju\u0107eg re\u017eima u manjem bh. entitetu sa svim politi\u010dkim neistomi\u0161ljenicima. Nakon protjerivanja ili onemogu\u0107avanja normalnog \u017eivota nesrpskom stanovni\u0161tvu o ovom dijelu BiH te kontinuiranoj politici srbizacije i pravoslavizacije u svim sferama \u017eivota, [&hellip;]<\/p>\n","protected":false},"author":59,"featured_media":7840,"comment_status":"open","ping_status":"closed","sticky":false,"template":"","format":"standard","meta":{"inline_featured_image":false,"footnotes":""},"categories":[37],"tags":[],"class_list":{"0":"post-7839","1":"post","2":"type-post","3":"status-publish","4":"format-standard","5":"has-post-thumbnail","7":"category-vijesti"},"acf":[],"_links":{"self":[{"href":"https:\/\/tvsensor.com\/api\/wp\/v2\/posts\/7839","targetHints":{"allow":["GET"]}}],"collection":[{"href":"https:\/\/tvsensor.com\/api\/wp\/v2\/posts"}],"about":[{"href":"https:\/\/tvsensor.com\/api\/wp\/v2\/types\/post"}],"author":[{"embeddable":true,"href":"https:\/\/tvsensor.com\/api\/wp\/v2\/users\/59"}],"replies":[{"embeddable":true,"href":"https:\/\/tvsensor.com\/api\/wp\/v2\/comments?post=7839"}],"version-history":[{"count":1,"href":"https:\/\/tvsensor.com\/api\/wp\/v2\/posts\/7839\/revisions"}],"predecessor-version":[{"id":7841,"href":"https:\/\/tvsensor.com\/api\/wp\/v2\/posts\/7839\/revisions\/7841"}],"wp:featuredmedia":[{"embeddable":true,"href":"https:\/\/tvsensor.com\/api\/wp\/v2\/media\/7840"}],"wp:attachment":[{"href":"https:\/\/tvsensor.com\/api\/wp\/v2\/media?parent=7839"}],"wp:term":[{"taxonomy":"category","embeddable":true,"href":"https:\/\/tvsensor.com\/api\/wp\/v2\/categories?post=7839"},{"taxonomy":"post_tag","embeddable":true,"href":"https:\/\/tvsensor.com\/api\/wp\/v2\/tags?post=7839"}],"curies":[{"name":"wp","href":"https:\/\/api.w.org\/{rel}","templated":true}]}}