{"id":7579,"date":"2019-04-21T19:35:52","date_gmt":"2019-04-21T19:35:52","guid":{"rendered":"https:\/\/senzor.ba\/?p=7579"},"modified":"2024-01-15T21:48:48","modified_gmt":"2024-01-15T20:48:48","slug":"sarajevski-sajam-knjige-sutra-svecana-dodjela-sajamskih-nagrada","status":"publish","type":"post","link":"https:\/\/tvsensor.com\/clanak\/sarajevski-sajam-knjige-sutra-svecana-dodjela-sajamskih-nagrada\/","title":{"rendered":"Sarajevski sajam knjige &#8211; Sutra sve\u010dana dodjela sajamskih nagrada"},"content":{"rendered":"<p>Sve\u010dana dodjela nagrada 31. me\u0111unarodnog sajma knjige najavljena je za sutra u Dvorani Centra Skenderija u Sarajevu.<\/p>\n<p>Ovogodi\u0161njeg sajamske nagrade bit \u0107e dodijeljene u kategorijama za umjetnost i arhitekturu, uredni\u0161tvo, najbolje oblikovanje knjige, ilustraciju knjige, najbolji izdava\u010dki poduhvat godine,\u00a0 najbolju promociju djela na sajmu, najbolji ud\u017ebenik za visoko obrazovanje te za nauku (dru\u0161tvene i prirodne nauke).<\/p>\n<p>Me\u0111unarodni centar za mir s Centrom &#8216;Skenderija&#8217; i srednjim \u0161kolama Primijenjenih umjetnosti i Prvom gimnazijom Sarajevo uprili\u010dit \u0107e u utorak, 23. aprila, specijalni program na platou Skenderija. Taj program pod nazivom &#8216;Knjiga za ru\u017eu&#8217; bit \u0107e odr\u017ean povodom Svjetskog dana knjige i autorskih prava (23. april).<\/p>\n<p>Organizatori pozivaju stanovni\u0161tvo da donesu knjigu ili ru\u017eu i susretnu se s mladim umjetnicima\/stvaraocima koji \u0107e izvesti tekstove i predstave posve\u0107ene Servantesu i \u0160ekspiru.<\/p>\n<p>Predsjednik Me\u0111unarodnog centra za mir Ibrahim Spahi\u0107 uputit \u0107e poruku povodom Svjetskog dana knjige i autorskih prava i desetogodi\u0161njice Deklaracije o kulturi u BiH.<\/p>\n<p>Me\u0111unarodni sajam knjige u Sarajevu traje do 22. aprila. Organizatori o\u010dekuju da \u0107e u posljednja dva dana tog sajma biti oboren rekord posje\u0107enosti.<\/p>\n","protected":false},"excerpt":{"rendered":"<p>Sve\u010dana dodjela nagrada 31. me\u0111unarodnog sajma knjige najavljena je za sutra u Dvorani Centra Skenderija u Sarajevu. Ovogodi\u0161njeg sajamske nagrade bit \u0107e dodijeljene u kategorijama za umjetnost i arhitekturu, uredni\u0161tvo, najbolje oblikovanje knjige, ilustraciju knjige, najbolji izdava\u010dki poduhvat godine,\u00a0 najbolju promociju djela na sajmu, najbolji ud\u017ebenik za visoko obrazovanje te za nauku (dru\u0161tvene i prirodne [&hellip;]<\/p>\n","protected":false},"author":59,"featured_media":7580,"comment_status":"open","ping_status":"closed","sticky":false,"template":"","format":"standard","meta":{"inline_featured_image":false,"footnotes":""},"categories":[46],"tags":[],"class_list":{"0":"post-7579","1":"post","2":"type-post","3":"status-publish","4":"format-standard","5":"has-post-thumbnail","7":"category-kultura"},"acf":[],"_links":{"self":[{"href":"https:\/\/tvsensor.com\/api\/wp\/v2\/posts\/7579","targetHints":{"allow":["GET"]}}],"collection":[{"href":"https:\/\/tvsensor.com\/api\/wp\/v2\/posts"}],"about":[{"href":"https:\/\/tvsensor.com\/api\/wp\/v2\/types\/post"}],"author":[{"embeddable":true,"href":"https:\/\/tvsensor.com\/api\/wp\/v2\/users\/59"}],"replies":[{"embeddable":true,"href":"https:\/\/tvsensor.com\/api\/wp\/v2\/comments?post=7579"}],"version-history":[{"count":1,"href":"https:\/\/tvsensor.com\/api\/wp\/v2\/posts\/7579\/revisions"}],"predecessor-version":[{"id":7581,"href":"https:\/\/tvsensor.com\/api\/wp\/v2\/posts\/7579\/revisions\/7581"}],"wp:featuredmedia":[{"embeddable":true,"href":"https:\/\/tvsensor.com\/api\/wp\/v2\/media\/7580"}],"wp:attachment":[{"href":"https:\/\/tvsensor.com\/api\/wp\/v2\/media?parent=7579"}],"wp:term":[{"taxonomy":"category","embeddable":true,"href":"https:\/\/tvsensor.com\/api\/wp\/v2\/categories?post=7579"},{"taxonomy":"post_tag","embeddable":true,"href":"https:\/\/tvsensor.com\/api\/wp\/v2\/tags?post=7579"}],"curies":[{"name":"wp","href":"https:\/\/api.w.org\/{rel}","templated":true}]}}